{"id":27573,"date":"2025-10-03T13:39:25","date_gmt":"2025-10-03T12:39:25","guid":{"rendered":"https:\/\/www.dppireland.ie\/?p=27573"},"modified":"2026-01-23T11:06:21","modified_gmt":"2026-01-23T11:06:21","slug":"annual-report-2024","status":"publish","type":"post","link":"https:\/\/www.dppireland.ie\/ga\/annual-report-2024\/","title":{"rendered":"Tuarasc\u00e1il Bhliant\u00fail 2024"},"content":{"rendered":"<p><strong>Foils\u00edonn Oifig an Sti\u00farth\u00f3ra Ionch\u00faiseamh Poibl\u00ed Tuarasc\u00e1il Bhliant\u00fail 2024<\/strong><\/p>\n<p>T\u00e1 \u00e1thas ar an Sti\u00farth\u00f3ir Ionch\u00faiseamh Poibl\u00ed (DPP), Catherine Pierse, foilsi\u00fa Thuarasc\u00e1il Bhliant\u00fail Oifig an Sti\u00farth\u00f3ra Ionch\u00faiseamh Poibl\u00ed don bhliain 2024 a fh\u00f3gairt, agus forl\u00e9argas cuimsitheach \u00e1 thairiscint aici ar obair na hOifige le bliain anuas.<\/p>\n<p>Tagann an foilseach\u00e1n ag am thar a bheith suntasach, mar gurb ionann\u00a02025 agus 50bliain \u00f3 ceapadh an ch\u00e9ad Sti\u00farth\u00f3ir Ionch\u00faiseamh Poibl\u00ed, an tUasal Eamonn Barnes, agus bun\u00fa na hOifige i m\u00ed Ean\u00e1ir 1975.<\/p>\n<p class=\"eyeAtext\" style=\"font-size: 13.2231px !important;\" data-w=\"1009.6\" data-originalfontsize=\"16\" data-originallineheight=\"19\">Le caoga bliain anuas, bh\u00ed r\u00f3l\u00a0l\u00e1rnach neamhsple\u00e1ch\u00a0ag Oifig an Sti\u00farth\u00f3ra Ionch\u00faiseamh Poibl\u00ed i seasamh le forl\u00e1mhas an dl\u00ed agus i gcinnti\u00fa go nd\u00e9anfar cionta coiri\u00fala a ionch\u00faiseamh go cothrom agus go neamhchlaonta thar ceann mhuintir na h\u00c9ireann. Ag machnamh ar an oidhreacht seo ina R\u00e9amhr\u00e1, scr\u00edobhann an Sti\u00farth\u00f3ir:<\/p>\n<blockquote class=\"eyeAtP\">\n<p class=\"eyeAtP eyeAtext\" style=\"font-size: 13.2231px !important; line-height: 19.8347px !important;\" data-w=\"955.6\" data-originalfontsize=\"16\" data-originallineheight=\"19\"><em class=\"eyeAtext\" style=\"font-size: 13.2231px !important; line-height: 19.8347px !important;\" data-w=\"942.3\" data-originalfontsize=\"16\" data-originallineheight=\"19\">Sa l\u00e1 at\u00e1 inniu ann, t\u00e1 luachanna an neamhsple\u00e1chais agus na cothroime f\u00f3s ag cro\u00edl\u00e1r sheirbh\u00eds ionch\u00faisimh na h\u00c9ireann agus t\u00e1 siad chomh t\u00e1bhachtach agus a bh\u00ed riamh d&#8217;fhorl\u00e1mhas an dl\u00ed i ndaonlathas feidhmi\u00fail. D\u2019fh\u00e1s an Oifig \u00f3 fhoireann bheag de cheathrar dl\u00edod\u00f3ir i 1975 go dt\u00ed Oifig de 300 ball foirne, 30 aturnae st\u00e1it agus os cionn 200 abhc\u00f3ide ar \u00e1r bpain\u00e9il ionch\u00faisimh.\u201d\u201d<\/em><\/p>\n<\/blockquote>\n<p class=\"eyeAtext\" style=\"font-size: 13.2231px !important; line-height: 19.8347px !important;\" data-w=\"1009.6\" data-originalfontsize=\"16\" data-originallineheight=\"19\">Bainist\u00edonn Oifig an Sti\u00farth\u00f3ra Ionch\u00faiseamh Poibl\u00ed thart ar 17,000 comhad in aghaidh na bliana anois, ag cinnti\u00fa go nd\u00e9antar gach cinneadh ionch\u00faiseamh a dh\u00e9anamh n\u00f3 gan ionch\u00faiseamh a dh\u00e9anamh go cothrom, go neamhchlaonta agus saor \u00f3 thionchar polaiti\u00fail n\u00f3 seachtrach. Leagtar amach i dTuarasc\u00e1il Bhliant\u00fail 2024 pr\u00edomhstaitistic\u00ed ar an gc\u00e1sobair seo; forbairt\u00ed dl\u00ed; agus dul chun cinn ar spriocanna strait\u00e9iseacha. Leagann s\u00e9 b\u00e9im ar thiomantas lean\u00fanach \u00e1r bhfoirne agus \u00e1r bpr\u00edomhph\u00e1irtithe leasmhara do sheirbh\u00eds ionch\u00faisimh a sheachadadh a bheidh cothrom le d\u00e1ta agus meas\u00fail ar na p\u00e1irtithe go l\u00e9ir a bhfuil baint acu leo \u2013 \u00edospartaigh, daoine c\u00faisithe agus finn\u00e9ithe araon.<br \/>\nAg labhairt di faoin gcaoi ar th\u00e1inig an tseirbh\u00eds ionch\u00faisimh chun cinn, luann an Sti\u00farth\u00f3ir:<\/p>\n<blockquote class=\"eyeAtP\">\n<p class=\"eyeAtP eyeAtext\" style=\"font-size: 13.2231px !important;\" data-w=\"955.6\" data-originalfontsize=\"16\" data-originallineheight=\"19\">\u00d3 buna\u00edodh an Oifig breis is caoga bliain \u00f3 shin, t\u00e1 athr\u00fa m\u00f3r tagtha ar \u00c9irinn agus ar fud an domhain. T\u00e1 f\u00e1s na coireachta a bhaineann le druga\u00ed agus cibear-chumasaithe feicthe againn, agus teacht chun cinn dronganna coireachta eagraithe sofaistici\u00fala a oibr\u00edonn go trasn\u00e1isi\u00fanta.\u201d<\/p>\n<p class=\"eyeAtP eyeAtext\" style=\"font-size: 13.2231px !important;\" data-w=\"955.6\" data-originalfontsize=\"16\" data-originallineheight=\"19\">T\u00e1 gach duine againn a oibr\u00edonn sa ch\u00f3ras ceartais choiri\u00fail ag foghlaim le ch\u00e9ile faoi thionchar tr\u00e1ma, agus n\u00edos m\u00f3 agus n\u00edos m\u00f3 t\u00e1 feasacht ann, in ionad a bheith ag s\u00fail le finn\u00e9ithe soghunta oiri\u00fan\u00fa d\u00e1r gc\u00f3ras, go gcaithfimid oiri\u00fan\u00fa d\u00e1 riachtanais ina ionad sin. Cialla\u00edonn taca\u00edochta\u00ed m\u00e9adaithe d\u2019\u00edospartaigh leochaileacha \u00f3 achta\u00edodh an tAcht um Cheartas Coiri\u00fail (\u00cdospartaigh na Coireachta) 2017 gur f\u00e9idir linn anois gear\u00e1in \u00f3 \u00edospartaigh an-leochaileacha a ionch\u00faiseamh, \u00e1it nach mbeadh aon ionchas r\u00e9as\u00fanach ann go nd\u00e9anfa\u00ed ciont\u00fa deich mbliana \u00f3 shin.\u201d<\/p>\n<\/blockquote>\n<p class=\"eyeAtext\" style=\"font-size: 13.2231px !important;\" data-w=\"1009.6\" data-originalfontsize=\"16\" data-originallineheight=\"19\">Agus \u00ed ag tabhairt aghaidh ar na d\u00fashl\u00e1in at\u00e1 ann faoi l\u00e1thair, lena n-\u00e1ir\u00edtear an leibh\u00e9al m\u00e9adaithe gn\u00edomha\u00edochta c\u00fairte a gcaithfidh a hOifig agus an c\u00f3ras ceartais choiri\u00fail tac\u00fa l\u00e9i anois, deir an Sti\u00farth\u00f3ir:<\/p>\n<blockquote class=\"eyeAtP\">\n<p class=\"eyeAtP eyeAtext\" style=\"font-size: 13.2231px !important; line-height: 19.8347px !important;\" data-w=\"955.6\" data-originalfontsize=\"16\" data-originallineheight=\"19\">Le linn 2024, thacaigh \u00e1r nOifig le 2,185 d\u00e1ta trialach san ioml\u00e1n at\u00e1 liostaithe sa Phr\u00edomh-Ch\u00fairt Choiri\u00fail. L\u00e9ir\u00edonn s\u00e9 seo m\u00e9ad\u00fa 43% le tr\u00ed bliana anuas, agus m\u00e9ad\u00fa 19% ar 2023\u2026 Bh\u00ed m\u00e9ad\u00fa freisin ar l\u00edon na gc\u00e1sanna a aistr\u00edodh chuig ionaid lasmuigh de Bhaile \u00c1tha Cliath le linn 2024, le 855 l\u00e1 su\u00ed den Ch\u00fairt Choiri\u00fail L\u00e1rnach liostaithe lasmuigh den phr\u00edomhchathair le linn na tr\u00e9imhse sin, m\u00e9ad\u00fa 65% ar an mbliain roimhe sin.<\/p>\n<p class=\"eyeAtP eyeAtext\" style=\"font-size: 13.2231px !important; line-height: 19.8347px !important;\" data-w=\"955.6\" data-originalfontsize=\"16\" data-originallineheight=\"19\">Pr\u00edomhdh\u00fashl\u00e1n eile a d\u2019fhan feice\u00e1lach le linn 2024 n\u00e1 an f\u00e1s gan staonadh ar shonra\u00ed digiteacha, \u00f3 ghl\u00e9asanna soghluaiste, ard\u00e1in me\u00e1in sh\u00f3isialta, agus p\u00edosa\u00ed scann\u00e1in CCTV&#8230; Is l\u00e9ir go bhfuil g\u00e1 le hathscr\u00fad\u00fa a dh\u00e9anamh ar na beartais agus na cleachtais at\u00e1 mar bhonn agus thaca ag \u00e1r gcur chuige reatha maidir le nochtadh. Faoi l\u00e1thair, t\u00e1 s\u00e9 de ch\u00faram ar an ionch\u00faiseamh agus ar na himscr\u00fadaitheoir\u00ed athbhreithni\u00fa a dh\u00e9anamh ar l\u00edon fairsing \u00e1bhar chun faisn\u00e9is a d\u2019fh\u00e9adfadh a bheith \u00e1bhartha don chosaint a shainaithint, in \u00e9agmais aon oibleag\u00e1ide reacht\u00fala ar an gcosaint dul i mbun an phr\u00f3isis seo&#8230; Chun feabhsuithe br\u00edocha agus marthanacha a bhaint amach i mbainist\u00edocht sonra\u00ed agus i gcleachtais nochta, beidh g\u00e1 le hiarracht chomhoibr\u00edoch lean\u00fanach ar fud an ch\u00f3rais ceartais choiri\u00fail ar fad.\u201d<\/p>\n<\/blockquote>\n<p class=\"eyeAtext\" style=\"font-size: 13.2231px !important;\" data-w=\"1009.6\" data-originalfontsize=\"16\" data-originallineheight=\"19\">Agus muid ag machnamh ar caoga bliain de neamhsple\u00e1chas ionch\u00faisimh, athdhearbha\u00edonn Oifig an Sti\u00farth\u00f3ra Ionch\u00faiseamh Poibl\u00ed a misean chun seirbh\u00eds ionch\u00faisimh neamhsple\u00e1ch, chothrom agus \u00e9ifeachtach a shol\u00e1thar thar ceann mhuintir na h\u00c9ireann.<\/p>\n<p class=\"eyeAtext\" style=\"font-size: 13.2231px !important;\" data-w=\"1009.6\" data-originalfontsize=\"16\" data-originallineheight=\"19\">T\u00e1 Tuarasc\u00e1il Bhliant\u00fail ioml\u00e1n 2024 d\u2019Oifig an Sti\u00farth\u00f3ra Ionch\u00faiseamh Poibl\u00ed ar f\u00e1il anois le feice\u00e1il\/\u00edosl\u00f3d\u00e1il \u00f3n su\u00edomh gr\u00e9as\u00e1in seo, www.dppireland.ie.<\/p>\n<p class=\"eyeAtext\" style=\"font-size: 13.2231px !important;\" data-w=\"1009.6\" data-originalfontsize=\"16\" data-originallineheight=\"19\">Le haghaidh fiosr\u00fach\u00e1n na me\u00e1in, t\u00e9igh i dteagmh\u00e1il le Orlagh Flood, Ceann Rialachais &amp; Gn\u00f3tha\u00ed Poibl\u00ed, tr\u00ed r\u00edomhphost <a href=\"mailto:media.liaison@dppireland.ie\">media.liaison@dppireland.ie<\/a>.<\/p>\n<p class=\"eyeAtext\" style=\"font-size: 13.2231px !important;\" data-w=\"1009.6\" data-originalfontsize=\"16\" data-originallineheight=\"19\">CR\u00cdOCH<\/p>\n<p data-w=\"1009.6\" data-originalfontsize=\"16\" data-originallineheight=\"19\">&#8212;&#8212;<\/p>\n<p><strong>Maidir le hOifig an Sti\u00farth\u00f3ra Ionch\u00faiseamh Poibl\u00ed:<\/strong> T\u00e1 an Sti\u00farth\u00f3ir Ionch\u00faiseamh Poibl\u00ed, Catherine Pierse, neamhsple\u00e1ch i gcomhl\u00edonadh a feidhmeanna. Is iad seo na dualgais at\u00e1 ar an Sti\u00farth\u00f3ir:<\/p>\n<ul>\n<li>an dl\u00ed coiri\u00fail a fhorfheidhmi\u00fa sna c\u00fairteanna ar son mhuintir na h\u00c9ireann;<\/li>\n<li>ionch\u00faisimh phoibl\u00ed a threor\u00fa agus a mhaoirsi\u00fa ar d\u00edot\u00e1il sna c\u00fairteanna;<\/li>\n<li>treoir agus comhairle ghinear\u00e1lta a thabhairt don Gharda S\u00edoch\u00e1na maidir le c\u00e1sanna achoimre; agus<\/li>\n<li>treoir shonrach a thabhairtdon Gharda S\u00edoch\u00e1na i gc\u00e1sanna ina n-iarrtar \u00ed.<\/li>\n<\/ul>\n<p>Clice\u00e1il <a href=\"https:\/\/www.dppireland.ie\/ga\/about-us\/\"><strong>anseo<\/strong><\/a> chun tuilleadh eolais a fh\u00e1il faoi obair Oifig an Sti\u00farth\u00f3ra Ionch\u00faiseamh Poibl\u00ed.<\/p>\n<p>Clice\u00e1il <a href=\"https:\/\/www.dppireland.ie\/ga\/about-us\/50-years\/\"><strong>anseo<\/strong><\/a> chun tuilleadh a l\u00e9amh faoi chom\u00f3radh 50 bliain na hOifige agus faoin leabhar a coimisi\u00fana\u00edodh go speisialta <a href=\"https:\/\/www.dppireland.ie\/app\/uploads\/2025\/07\/A-History-of-the-ODPP-1975-2025-Website.pdf\"><em>Stair Oifig an Sti\u00farth\u00f3ra Ionch\u00faiseamh Poibl\u00ed: 1975-2025<\/em><\/a><\/p>\n<p>Clice\u00e1il <a href=\"https:\/\/www.dppireland.ie\/ga\/publications\/information-for-the-public\/\"><strong>anseo<\/strong><\/a> chun rochtain a fh\u00e1il ar \u00e1r sraith de leabhr\u00e1in eolais B\u00e9arla Simpl\u00ed<\/p>\n<p>&nbsp;<\/p>\n<p class=\"eyeAtext\" style=\"font-size: 13.2231px !important;\" data-w=\"1009.6\" data-originalfontsize=\"16\" data-originallineheight=\"19\">\n<\/p>","protected":false},"excerpt":{"rendered":"<p>Foils\u00edonn Oifig an Sti\u00farth\u00f3ra Ionch\u00faiseamh Poibl\u00ed Tuarasc\u00e1il Bhliant\u00fail 2024 T\u00e1 \u00e1thas ar an Sti\u00farth\u00f3ir Ionch\u00faiseamh Poibl\u00ed (DPP), Catherine Pierse, foilsi\u00fa Thuarasc\u00e1il Bhliant\u00fail Oifig an Sti\u00farth\u00f3ra Ionch\u00faiseamh Poibl\u00ed don bhliain 2024 a fh\u00f3gairt, agus forl\u00e9argas cuimsitheach \u00e1 thairiscint aici ar obair na hOifige le bliain anuas. Tagann an foilseach\u00e1n ag am thar a bheith suntasach, mar &hellip; <a href=\"https:\/\/www.dppireland.ie\/ga\/annual-report-2024\/\">Continued<\/a><\/p>\n","protected":false},"author":3,"featured_media":0,"comment_status":"closed","ping_status":"closed","sticky":false,"template":"","format":"standard","meta":{"_acf_changed":false,"om_disable_all_campaigns":false,"_relevanssi_hide_post":"","_relevanssi_hide_content":"","_relevanssi_pin_for_all":"","_relevanssi_pin_keywords":"","_relevanssi_unpin_keywords":"","_relevanssi_related_keywords":"","_relevanssi_related_include_ids":"","_relevanssi_related_exclude_ids":"","_relevanssi_related_no_append":"","_relevanssi_related_not_related":"","_relevanssi_related_posts":"","_relevanssi_noindex_reason":"","_monsterinsights_skip_tracking":false,"_monsterinsights_sitenote_active":false,"_monsterinsights_sitenote_note":"","_monsterinsights_sitenote_category":0,"_uf_show_specific_survey":0,"_uf_disable_surveys":false,"_jetpack_memberships_contains_paid_content":false,"footnotes":""},"categories":[98,103],"tags":[],"class_list":["post-27573","post","type-post","status-publish","format-standard","hentry","category-na-meain","category-press-releases-ga"],"acf":[],"yoast_head":"<!-- This site is optimized with the Yoast SEO plugin v27.4 - https:\/\/yoast.com\/product\/yoast-seo-wordpress\/ -->\n<title>Tuarasc\u00e1il Bhliant\u00fail 2024 - Office of the Director of Public Prosecutions<\/title>\n<meta name=\"description\" content=\"Office of the Director of Public Prosecutions Providing a prosecution that is independent, fair and effective\" \/>\n<meta name=\"robots\" content=\"index, follow, max-snippet:-1, max-image-preview:large, max-video-preview:-1\" \/>\n<link rel=\"canonical\" href=\"https:\/\/www.dppireland.ie\/ga\/annual-report-2024\/\" \/>\n<meta property=\"og:locale\" content=\"ga_IE\" \/>\n<meta property=\"og:type\" content=\"article\" \/>\n<meta property=\"og:title\" content=\"Tuarasc\u00e1il Bhliant\u00fail 2024 - Office of the Director of Public Prosecutions\" \/>\n<meta property=\"og:description\" content=\"Office of the Director of Public Prosecutions Providing a prosecution that is independent, fair and effective\" \/>\n<meta property=\"og:url\" content=\"https:\/\/www.dppireland.ie\/ga\/annual-report-2024\/\" \/>\n<meta property=\"og:site_name\" content=\"Office of the Director of Public Prosecutions\" \/>\n<meta property=\"article:published_time\" content=\"2025-10-03T12:39:25+00:00\" \/>\n<meta property=\"article:modified_time\" content=\"2026-01-23T11:06:21+00:00\" \/>\n<meta name=\"author\" content=\"Orlagh Flood\" \/>\n<meta name=\"twitter:card\" content=\"summary_large_image\" \/>\n<meta name=\"twitter:label1\" content=\"Written by\" \/>\n\t<meta name=\"twitter:data1\" content=\"Orlagh Flood\" \/>\n\t<meta name=\"twitter:label2\" content=\"Est. reading time\" \/>\n\t<meta name=\"twitter:data2\" content=\"3 minutes\" \/>\n<script type=\"application\/ld+json\" class=\"yoast-schema-graph\">{\"@context\":\"https:\\\/\\\/schema.org\",\"@graph\":[{\"@type\":\"Article\",\"@id\":\"https:\\\/\\\/www.dppireland.ie\\\/ga\\\/annual-report-2024\\\/#article\",\"isPartOf\":{\"@id\":\"https:\\\/\\\/www.dppireland.ie\\\/ga\\\/annual-report-2024\\\/\"},\"author\":{\"name\":\"Orlagh Flood\",\"@id\":\"https:\\\/\\\/www.dppireland.ie\\\/#\\\/schema\\\/person\\\/806948303e1dc1cb098edbb994a5aaf0\"},\"headline\":\"Tuarasc\u00e1il Bhliant\u00fail 2024\",\"datePublished\":\"2025-10-03T12:39:25+00:00\",\"dateModified\":\"2026-01-23T11:06:21+00:00\",\"mainEntityOfPage\":{\"@id\":\"https:\\\/\\\/www.dppireland.ie\\\/ga\\\/annual-report-2024\\\/\"},\"wordCount\":1116,\"articleSection\":[\"Na Me\u00e1in\",\"Press Releases\"],\"inLanguage\":\"ga-IE\"},{\"@type\":\"WebPage\",\"@id\":\"https:\\\/\\\/www.dppireland.ie\\\/ga\\\/annual-report-2024\\\/\",\"url\":\"https:\\\/\\\/www.dppireland.ie\\\/ga\\\/annual-report-2024\\\/\",\"name\":\"Tuarasc\u00e1il Bhliant\u00fail 2024 - Office of the Director of Public Prosecutions\",\"isPartOf\":{\"@id\":\"https:\\\/\\\/www.dppireland.ie\\\/#website\"},\"datePublished\":\"2025-10-03T12:39:25+00:00\",\"dateModified\":\"2026-01-23T11:06:21+00:00\",\"author\":{\"@id\":\"https:\\\/\\\/www.dppireland.ie\\\/#\\\/schema\\\/person\\\/806948303e1dc1cb098edbb994a5aaf0\"},\"description\":\"Office of the Director of Public Prosecutions Providing a prosecution that is independent, fair and effective\",\"breadcrumb\":{\"@id\":\"https:\\\/\\\/www.dppireland.ie\\\/ga\\\/annual-report-2024\\\/#breadcrumb\"},\"inLanguage\":\"ga-IE\",\"potentialAction\":[{\"@type\":\"ReadAction\",\"target\":[\"https:\\\/\\\/www.dppireland.ie\\\/ga\\\/annual-report-2024\\\/\"]}]},{\"@type\":\"BreadcrumbList\",\"@id\":\"https:\\\/\\\/www.dppireland.ie\\\/ga\\\/annual-report-2024\\\/#breadcrumb\",\"itemListElement\":[{\"@type\":\"ListItem\",\"position\":1,\"name\":\"Home\",\"item\":\"https:\\\/\\\/www.dppireland.ie\\\/ga\\\/\"},{\"@type\":\"ListItem\",\"position\":2,\"name\":\"Tuarasc\u00e1il Bhliant\u00fail 2024\"}]},{\"@type\":\"WebSite\",\"@id\":\"https:\\\/\\\/www.dppireland.ie\\\/#website\",\"url\":\"https:\\\/\\\/www.dppireland.ie\\\/\",\"name\":\"Office of the Director of Public Prosecutions\",\"description\":\"Providing a prosecution that is independent, fair and effective\",\"potentialAction\":[{\"@type\":\"SearchAction\",\"target\":{\"@type\":\"EntryPoint\",\"urlTemplate\":\"https:\\\/\\\/www.dppireland.ie\\\/?s={search_term_string}\"},\"query-input\":{\"@type\":\"PropertyValueSpecification\",\"valueRequired\":true,\"valueName\":\"search_term_string\"}}],\"inLanguage\":\"ga-IE\"},{\"@type\":\"Person\",\"@id\":\"https:\\\/\\\/www.dppireland.ie\\\/#\\\/schema\\\/person\\\/806948303e1dc1cb098edbb994a5aaf0\",\"name\":\"Orlagh Flood\",\"image\":{\"@type\":\"ImageObject\",\"inLanguage\":\"ga-IE\",\"@id\":\"https:\\\/\\\/secure.gravatar.com\\\/avatar\\\/f5cba3673d96204d3abb9da5bada45ea0b350af9b453997e9a6b8172f5e42be1?s=96&d=mm&r=g\",\"url\":\"https:\\\/\\\/secure.gravatar.com\\\/avatar\\\/f5cba3673d96204d3abb9da5bada45ea0b350af9b453997e9a6b8172f5e42be1?s=96&d=mm&r=g\",\"contentUrl\":\"https:\\\/\\\/secure.gravatar.com\\\/avatar\\\/f5cba3673d96204d3abb9da5bada45ea0b350af9b453997e9a6b8172f5e42be1?s=96&d=mm&r=g\",\"caption\":\"Orlagh Flood\"}}]}<\/script>\n<!-- \/ Yoast SEO plugin. -->","yoast_head_json":{"title":"Tuarasc\u00e1il Bhliant\u00fail 2024 - Office of the Director of Public Prosecutions","description":"Office of the Director of Public Prosecutions Providing a prosecution that is independent, fair and effective","robots":{"index":"index","follow":"follow","max-snippet":"max-snippet:-1","max-image-preview":"max-image-preview:large","max-video-preview":"max-video-preview:-1"},"canonical":"https:\/\/www.dppireland.ie\/ga\/annual-report-2024\/","og_locale":"ga_IE","og_type":"article","og_title":"Tuarasc\u00e1il Bhliant\u00fail 2024 - Office of the Director of Public Prosecutions","og_description":"Office of the Director of Public Prosecutions Providing a prosecution that is independent, fair and effective","og_url":"https:\/\/www.dppireland.ie\/ga\/annual-report-2024\/","og_site_name":"Office of the Director of Public Prosecutions","article_published_time":"2025-10-03T12:39:25+00:00","article_modified_time":"2026-01-23T11:06:21+00:00","author":"Orlagh Flood","twitter_card":"summary_large_image","twitter_misc":{"Written by":"Orlagh Flood","Est. reading time":"3 minutes"},"schema":{"@context":"https:\/\/schema.org","@graph":[{"@type":"Article","@id":"https:\/\/www.dppireland.ie\/ga\/annual-report-2024\/#article","isPartOf":{"@id":"https:\/\/www.dppireland.ie\/ga\/annual-report-2024\/"},"author":{"name":"Orlagh Flood","@id":"https:\/\/www.dppireland.ie\/#\/schema\/person\/806948303e1dc1cb098edbb994a5aaf0"},"headline":"Tuarasc\u00e1il Bhliant\u00fail 2024","datePublished":"2025-10-03T12:39:25+00:00","dateModified":"2026-01-23T11:06:21+00:00","mainEntityOfPage":{"@id":"https:\/\/www.dppireland.ie\/ga\/annual-report-2024\/"},"wordCount":1116,"articleSection":["Na Me\u00e1in","Press Releases"],"inLanguage":"ga-IE"},{"@type":"WebPage","@id":"https:\/\/www.dppireland.ie\/ga\/annual-report-2024\/","url":"https:\/\/www.dppireland.ie\/ga\/annual-report-2024\/","name":"Tuarasc\u00e1il Bhliant\u00fail 2024 - Office of the Director of Public Prosecutions","isPartOf":{"@id":"https:\/\/www.dppireland.ie\/#website"},"datePublished":"2025-10-03T12:39:25+00:00","dateModified":"2026-01-23T11:06:21+00:00","author":{"@id":"https:\/\/www.dppireland.ie\/#\/schema\/person\/806948303e1dc1cb098edbb994a5aaf0"},"description":"Office of the Director of Public Prosecutions Providing a prosecution that is independent, fair and effective","breadcrumb":{"@id":"https:\/\/www.dppireland.ie\/ga\/annual-report-2024\/#breadcrumb"},"inLanguage":"ga-IE","potentialAction":[{"@type":"ReadAction","target":["https:\/\/www.dppireland.ie\/ga\/annual-report-2024\/"]}]},{"@type":"BreadcrumbList","@id":"https:\/\/www.dppireland.ie\/ga\/annual-report-2024\/#breadcrumb","itemListElement":[{"@type":"ListItem","position":1,"name":"Home","item":"https:\/\/www.dppireland.ie\/ga\/"},{"@type":"ListItem","position":2,"name":"Tuarasc\u00e1il Bhliant\u00fail 2024"}]},{"@type":"WebSite","@id":"https:\/\/www.dppireland.ie\/#website","url":"https:\/\/www.dppireland.ie\/","name":"Office of the Director of Public Prosecutions","description":"Providing a prosecution that is independent, fair and effective","potentialAction":[{"@type":"SearchAction","target":{"@type":"EntryPoint","urlTemplate":"https:\/\/www.dppireland.ie\/?s={search_term_string}"},"query-input":{"@type":"PropertyValueSpecification","valueRequired":true,"valueName":"search_term_string"}}],"inLanguage":"ga-IE"},{"@type":"Person","@id":"https:\/\/www.dppireland.ie\/#\/schema\/person\/806948303e1dc1cb098edbb994a5aaf0","name":"Orlagh Flood","image":{"@type":"ImageObject","inLanguage":"ga-IE","@id":"https:\/\/secure.gravatar.com\/avatar\/f5cba3673d96204d3abb9da5bada45ea0b350af9b453997e9a6b8172f5e42be1?s=96&d=mm&r=g","url":"https:\/\/secure.gravatar.com\/avatar\/f5cba3673d96204d3abb9da5bada45ea0b350af9b453997e9a6b8172f5e42be1?s=96&d=mm&r=g","contentUrl":"https:\/\/secure.gravatar.com\/avatar\/f5cba3673d96204d3abb9da5bada45ea0b350af9b453997e9a6b8172f5e42be1?s=96&d=mm&r=g","caption":"Orlagh Flood"}}]}},"jetpack_featured_media_url":"","jetpack_sharing_enabled":true,"_links":{"self":[{"href":"https:\/\/www.dppireland.ie\/ga\/wp-json\/wp\/v2\/posts\/27573","targetHints":{"allow":["GET"]}}],"collection":[{"href":"https:\/\/www.dppireland.ie\/ga\/wp-json\/wp\/v2\/posts"}],"about":[{"href":"https:\/\/www.dppireland.ie\/ga\/wp-json\/wp\/v2\/types\/post"}],"author":[{"embeddable":true,"href":"https:\/\/www.dppireland.ie\/ga\/wp-json\/wp\/v2\/users\/3"}],"replies":[{"embeddable":true,"href":"https:\/\/www.dppireland.ie\/ga\/wp-json\/wp\/v2\/comments?post=27573"}],"version-history":[{"count":8,"href":"https:\/\/www.dppireland.ie\/ga\/wp-json\/wp\/v2\/posts\/27573\/revisions"}],"predecessor-version":[{"id":28090,"href":"https:\/\/www.dppireland.ie\/ga\/wp-json\/wp\/v2\/posts\/27573\/revisions\/28090"}],"wp:attachment":[{"href":"https:\/\/www.dppireland.ie\/ga\/wp-json\/wp\/v2\/media?parent=27573"}],"wp:term":[{"taxonomy":"category","embeddable":true,"href":"https:\/\/www.dppireland.ie\/ga\/wp-json\/wp\/v2\/categories?post=27573"},{"taxonomy":"post_tag","embeddable":true,"href":"https:\/\/www.dppireland.ie\/ga\/wp-json\/wp\/v2\/tags?post=27573"}],"curies":[{"name":"wp","href":"https:\/\/api.w.org\/{rel}","templated":true}]}}