{"id":26618,"date":"2025-04-01T12:24:35","date_gmt":"2025-04-01T11:24:35","guid":{"rendered":"https:\/\/www.dppireland.ie\/?p=26618"},"modified":"2025-08-25T12:27:08","modified_gmt":"2025-08-25T11:27:08","slug":"office-of-the-dpp-commemorating-50-years-since-the-appointment-of-the-first-dpp","status":"publish","type":"post","link":"https:\/\/www.dppireland.ie\/ga\/office-of-the-dpp-commemorating-50-years-since-the-appointment-of-the-first-dpp\/","title":{"rendered":"Oifig an Sti\u00farth\u00f3ra Ionch\u00faiseamh Poibl\u00ed ag com\u00f3radh 50 bliain \u00f3 ceapadh an ch\u00e9ad Sti\u00farth\u00f3ir Ionch\u00faiseamh Poibl\u00ed"},"content":{"rendered":"<p>I mbliana, t\u00e1 Oifig an Sti\u00farth\u00f3ra Ionch\u00faiseamh Poibl\u00ed ag com\u00f3radh 50 bliain \u00f3 ceapadh an ch\u00e9ad DPP i 1975.<\/p>\n<p>Ag \u00f3c\u00e1id i dTeach U\u00edbh Eachach D\u00e9ardaoin an 27 M\u00e1rta 2025 chun an \u00f3c\u00e1id seo a chom\u00f3radh \u2013 agus chun leabhar sainchoimisi\u00fanaithe a sheoladh dar teideal\u00a0<em>\u2018A History of the Office of the DPP: 1975-2025\u2019<\/em>\u00a0\u2013 thug an Sti\u00farth\u00f3ir, Catherine Pierse \u00f3r\u00e1id ag d\u00e9anamh d\u00edosp\u00f3ireachta ar chaoga bliain den tseirbh\u00eds ionch\u00faisimh.\u00a0 Ina h\u00f3r\u00e1id, d\u00fairt an Sti\u00farth\u00f3ir ar na c\u00faiseanna at\u00e1 le cinneadh an Rialtais Oifig neamhsple\u00e1ch an DPP a bhun\u00fa, thart ar 50 bliain \u00f3 shin, ag r\u00e1:<\/p>\n<blockquote class=\"eyeAtP\"><p><em>Ba \u00e9 cusp\u00f3ir na hOifige nua muin\u00edn an phobail as an smacht reachta a neart\u00fa tr\u00edna chinnti\u00fa nach bhf\u00e9adfadh aon chur isteach polaiti\u00fail n\u00e1 aon dearcadh polaiti\u00fail a bheith ann maidir le cur isteach ar na cinnt\u00ed sin&#8230; is \u00e9 an pr\u00edomhphrionsabal at\u00e1 mar bhonn len\u00e1r gcuid oibre f\u00f3s an ceann a bhuna\u00edtear in Airteagal 30.3 den Bhunreacht \u2013 go dtugtar ionch\u00faisimh thar ceann mhuintir na h\u00c9ireann, agus n\u00ed thar ceann aon duine aonair, eagra\u00edochta n\u00f3 rialtais.\u00a0<\/em><em>D\u00e1 bhr\u00ed sin, t\u00e1 luach an \u201cneamhsple\u00e1chais\u201d i gcro\u00edl\u00e1r sc\u00e9al tionscnaimh sheirbh\u00eds ionch\u00faisimh na h\u00c9ireann, agus t\u00e1 s\u00e9 leabaithe go domhain in\u00e1r gcult\u00far.\u00a0 Mar ionch\u00faisitheoir\u00ed t\u00e1 a fhios againn go gcaithfimid \u00e1r gcinnt\u00ed a dh\u00e9anamh bunaithe ar an bhfianaise agus ar leas an phobail agus saor \u00f3 thionchar seachtrach n\u00f3 \u00f3 chlaontacht.<\/em><em class=\"eyeAtext\" style=\"font-size: 13.2231px !important; line-height: 19.8347px !important;\" data-w=\"949.9\" data-originalfontsize=\"16\" data-originallineheight=\"19\">\u201d<\/em><\/p><\/blockquote>\n<p>Ag labhairt d\u00f3 faoin tionchar a bh\u00ed ag cinnt\u00ed Oifig an Sti\u00farth\u00f3ra Ionch\u00faiseamh Poibl\u00ed, thug an Sti\u00farth\u00f3ir an m\u00e9id seo a leanas ar aird:<\/p>\n<blockquote class=\"eyeAtP\"><p><em>T\u00e1 a fhios agam go bhfuil na hionch\u00faisitheoir\u00ed a oibr\u00edonn i m\u2019Oifig go m\u00f3r ar an eolas faoin tionchar a bh\u00edonn ag \u00e1r gcinnt\u00ed ar shaol na ndaoine a bhfuil baint acu le gach c\u00e1s \u2013 cib\u00e9 acu mar \u00edospartach, mar ch\u00fais\u00ed n\u00f3 mar fhinn\u00e9.\u00a0 Sa ch\u00e1s go nd\u00e9antar cinneadh gan ionch\u00faiseamh a dh\u00e9anamh, is f\u00e9idir go mbraithfidh \u00edospartaigh nach gcreidtear agus nach gcloistear iad. I gc\u00e1s ina nd\u00e9antar cinneadh ionch\u00faiseamh a dh\u00e9anamh, is f\u00e9idir saol an ch\u00fais\u00ed a chur \u00f3 mhaith, le himpleachta\u00ed d\u00e1 phost, d\u00e1 theaghlach agus d\u00e1 thodhcha\u00ed.\u00a0 T\u00e1 muin\u00edn an phobail i gcoitinne as an smacht reachta i mbaol freisin.<\/em><em class=\"eyeAtext\" style=\"font-size: 13.2231px !important; line-height: 19.8347px !important;\" data-w=\"912.6\" data-originalfontsize=\"16\" data-originallineheight=\"19\">\u201d<\/em><\/p><\/blockquote>\n<p>Agus \u00e9 ag tr\u00e1cht ar an gcaoi ar th\u00e1inig forbairt ar an timpeallacht dhl\u00edthi\u00fail le caoga bliain anuas, d\u00fairt an Sti\u00farth\u00f3ir:<\/p>\n<blockquote class=\"eyeAtP\"><p><em>&#8230;t\u00e1 an reachta\u00edocht agus an c\u00e1sdl\u00ed ag forbairt i gc\u00f3na\u00ed chun freastal ar an gcomhth\u00e9acs s\u00f3isialta at\u00e1 ag athr\u00fa.\u00a0 T\u00e1 comhlachta\u00ed rial\u00e1la nua tagtha chun cinn a bhfuil cumhachta\u00ed imscr\u00fadaithe coiri\u00fala acu.\u00a0 Forbra\u00edodh teicn\u00edc\u00ed nua imscr\u00fadaithe agus eola\u00edochta f\u00f3ir\u00e9ins\u00ed.\u00a0 Cialla\u00edonn taca\u00edochta\u00ed m\u00e9adaithe d\u2019\u00edospartaigh leochaileacha \u00f3 2017 freisin gur f\u00e9idir linn gear\u00e1in \u00f3 \u00edospartaigh an-leochaileach a ionch\u00faiseamh anois, \u00e1it nach mbeadh aon ionchas r\u00e9as\u00fanach ann deich mbliana \u00f3 shin go gciont\u00f3fa\u00ed iad.<\/em><em>Le linn na tr\u00e9imhse seo, tugadh d\u00fashl\u00e1n do go leor dearbhphrionsabail s\u00f3isialta freisin, agus t\u00e1 c\u00f3na\u00ed orainn anois i socha\u00ed nach bhfuil aon amhras ar aon duine ann gur f\u00e9idir le duine at\u00e1 i gceannas m\u00ed-\u00fas\u00e1id a bhaint as leanbh; n\u00f3 do chomhalta urramach den tsocha\u00ed a bheith ina bhula\u00ed for\u00e9igneach cont\u00fairteach sa bhaile; n\u00f3 go bhf\u00e9adfadh duine gn\u00f3 rath\u00fail a bheith p\u00e1irteach i sci\u00faradh airgid.<\/em><em class=\"eyeAtext\" style=\"font-size: 13.2231px !important; line-height: 19.8347px !important;\" data-w=\"931.5\" data-originalfontsize=\"16\" data-originallineheight=\"19\">\u201d<\/em><\/p><\/blockquote>\n<p>Maidir leis an gcaoi ar athraigh an teicneola\u00edocht \u00e1r saol ar fad, thug an Sti\u00farth\u00f3ir faoi deara:<\/p>\n<blockquote class=\"eyeAtP\"><p><em>\u2026mar gheall ar m\u00e9id ollmh\u00f3r sonra\u00ed digiteacha le blianta beaga anuas t\u00e1 athr\u00fa ioml\u00e1n tagtha ar mh\u00e9id agus ar n\u00e1d\u00far an \u00e1bhair nach m\u00f3r d\u00fainn go l\u00e9ir dul i ngleic leis.\u00a0 Mar fhreagairt air sin, n\u00ed m\u00f3r d\u00fainn oibri\u00fa i gcomhar le ch\u00e9ile chun an r\u00e9altacht dhigiteach sin a bhainisti\u00fa agus beala\u00ed sl\u00e1na agus \u00e9ifeacht\u00fala a chur i bhfeidhm chun dul i ngleic leis na sonra\u00ed sin ag c\u00e9imeanna \u00e9ags\u00fala den phr\u00f3iseas.<\/em><em class=\"eyeAtext\" style=\"font-size: 13.2231px !important;\" data-w=\"941.1\" data-originalfontsize=\"16\" data-originallineheight=\"19\">\u201d<\/em><\/p><\/blockquote>\n<p>Chun lean\u00faint de sheirbh\u00eds ionch\u00faisimh chothrom, neamhsple\u00e1ch agus \u00e9ifeachtach a shol\u00e1thar i r\u00e9 dhigiteach, d\u00fairt an Sti\u00farth\u00f3ir an m\u00e9id seo a leanas:<\/p>\n<blockquote class=\"eyeAtP\"><p><em class=\"eyeAtext\" style=\"font-size: 13.2231px !important;\" data-w=\"941.1\" data-originalfontsize=\"16\" data-originallineheight=\"19\"><\/em><em>N\u00ed bhogfaidh an b\u00e1d ar aghaidh m\u00e1 t\u00e1imid go l\u00e9ir ag r\u00e1mha\u00edocht in\u00e1r dtreo f\u00e9in.\u00a0 Ba mhaith liom an deis seo a thap\u00fa chun aitheantas a thabhairt do mh\u00e9id an chomhoibrithe at\u00e1 ar si\u00fal cheana f\u00e9in. \u00a0An taca\u00edocht a fhaighimid \u00f3 ENRanna chun oili\u00faint a chur ar \u00e1r ndaoine agus chun \u00e1r leabhr\u00e1in fhaisn\u00e9ise poibl\u00ed a fhorbairt. \u00a0Ceannaireacht na mbreithi\u00fana maidir leis an bPr\u00f3tacal nua d\u2019\u00d3g\u00e1naigh a chur chun cinn don Phr\u00edomh-Ch\u00fairt Choiri\u00fail, obair gr\u00fapa\u00ed \u00fas\u00e1ideoir\u00ed c\u00fairte, agus Gr\u00fapa rannph\u00e1irt\u00edochta geallsealbh\u00f3ir\u00ed na Plean\u00e1la Breithi\u00fana\u00ed; rannph\u00e1irt\u00edocht len\u00e1r gcomhghleacaithe sa Gharda S\u00edoch\u00e1na maidir le bainisti\u00fa agus cur i l\u00e1thair sonra\u00ed; r\u00f3l na Roinne Dl\u00ed agus Cirt maidir leis an gcoiste strait\u00e9iseach um cheartas coiri\u00fail a \u00f3st\u00e1il agus r\u00f3l Roinn an Taoisigh maidir le tac\u00fa leis an gcoiste sti\u00fartha um athch\u00f3iri\u00fa achomair ionch\u00faisimh.<\/em>\u201d<\/p><\/blockquote>\n<p>Is f\u00e9idir leat t\u00e9acs ioml\u00e1n \u00f3r\u00e1id an Sti\u00farth\u00f3ra Ionch\u00faiseamh Poibl\u00ed a l\u00e9amh\u00a0<a href=\"https:\/\/www.dppireland.ie\/app\/uploads\/2025\/04\/DPP-Speech-Office-of-the-DPP-commemorating-50-years-since-the-appointment-of-the-first-DPP.pdf\">anseo<\/a>.<\/p>\n<p>Ag an \u00f3c\u00e1id sin an 27 M\u00e1rta 2025, sheol an Sti\u00farth\u00f3ir Ionch\u00faiseamh Poibl\u00ed leabhar a coimisi\u00fana\u00edodh go speisialta, A History of the Office of the DPP. 1975\u20132025 leis an Dr Niamh Howlin.\u00a0 Is f\u00e9idir leat an leabhar a l\u00e9amh\u00a0<a href=\"https:\/\/www.dppireland.ie\/app\/uploads\/2025\/08\/History-of-the-ODPP-FINAL-GA-AF.pdf\"><strong>anseo<\/strong><\/a>.<\/p>\n<table class=\" alignleft\" style=\"width: 100%; border-style: inset; border-color: #bfbdbd;\" width=\"100%\" cellspacing=\"5\" cellpadding=\"5\">\n<tbody>\n<tr>\n<td class=\"eyeAtP\" width=\"641\"><\/td>\n<\/tr>\n<\/tbody>\n<\/table>\n<p>&nbsp;<\/p>\n","protected":false},"excerpt":{"rendered":"<p>I mbliana, t\u00e1 Oifig an Sti\u00farth\u00f3ra Ionch\u00faiseamh Poibl\u00ed ag com\u00f3radh 50 bliain \u00f3 ceapadh an ch\u00e9ad DPP i 1975. Ag \u00f3c\u00e1id i dTeach U\u00edbh Eachach D\u00e9ardaoin an 27 M\u00e1rta 2025 chun an \u00f3c\u00e1id seo a chom\u00f3radh \u2013 agus chun leabhar sainchoimisi\u00fanaithe a sheoladh dar teideal\u00a0\u2018A History of the Office of the DPP: 1975-2025\u2019\u00a0\u2013 thug an &hellip; <a href=\"https:\/\/www.dppireland.ie\/ga\/office-of-the-dpp-commemorating-50-years-since-the-appointment-of-the-first-dpp\/\">Continued<\/a><\/p>\n","protected":false},"author":4,"featured_media":0,"comment_status":"closed","ping_status":"closed","sticky":false,"template":"","format":"standard","meta":{"_acf_changed":false,"om_disable_all_campaigns":false,"_relevanssi_hide_post":"","_relevanssi_hide_content":"","_relevanssi_pin_for_all":"","_relevanssi_pin_keywords":"","_relevanssi_unpin_keywords":"","_relevanssi_related_keywords":"","_relevanssi_related_include_ids":"","_relevanssi_related_exclude_ids":"","_relevanssi_related_no_append":"","_relevanssi_related_not_related":"","_relevanssi_related_posts":"","_relevanssi_noindex_reason":"","_monsterinsights_skip_tracking":false,"_monsterinsights_sitenote_active":false,"_monsterinsights_sitenote_note":"","_monsterinsights_sitenote_category":0,"_uf_show_specific_survey":0,"_uf_disable_surveys":false,"_jetpack_memberships_contains_paid_content":false,"footnotes":""},"categories":[103],"tags":[],"class_list":["post-26618","post","type-post","status-publish","format-standard","hentry","category-press-releases-ga"],"acf":[],"yoast_head":"<!-- This site is optimized with the Yoast SEO plugin v27.4 - https:\/\/yoast.com\/product\/yoast-seo-wordpress\/ -->\n<title>Oifig an Sti\u00farth\u00f3ra Ionch\u00faiseamh Poibl\u00ed ag com\u00f3radh 50 bliain \u00f3 ceapadh an ch\u00e9ad Sti\u00farth\u00f3ir Ionch\u00faiseamh Poibl\u00ed - Office of the Director of Public Prosecutions<\/title>\n<meta name=\"description\" content=\"Office of the Director of Public Prosecutions Providing a prosecution that is independent, fair and effective\" \/>\n<meta name=\"robots\" content=\"index, follow, max-snippet:-1, max-image-preview:large, max-video-preview:-1\" \/>\n<link rel=\"canonical\" href=\"https:\/\/www.dppireland.ie\/ga\/office-of-the-dpp-commemorating-50-years-since-the-appointment-of-the-first-dpp\/\" \/>\n<meta property=\"og:locale\" content=\"ga_IE\" \/>\n<meta property=\"og:type\" content=\"article\" \/>\n<meta property=\"og:title\" content=\"Oifig an Sti\u00farth\u00f3ra Ionch\u00faiseamh Poibl\u00ed ag com\u00f3radh 50 bliain \u00f3 ceapadh an ch\u00e9ad Sti\u00farth\u00f3ir Ionch\u00faiseamh Poibl\u00ed - Office of the Director of Public Prosecutions\" \/>\n<meta property=\"og:description\" content=\"Office of the Director of Public Prosecutions Providing a prosecution that is independent, fair and effective\" \/>\n<meta property=\"og:url\" content=\"https:\/\/www.dppireland.ie\/ga\/office-of-the-dpp-commemorating-50-years-since-the-appointment-of-the-first-dpp\/\" \/>\n<meta property=\"og:site_name\" content=\"Office of the Director of Public Prosecutions\" \/>\n<meta property=\"article:published_time\" content=\"2025-04-01T11:24:35+00:00\" \/>\n<meta property=\"article:modified_time\" content=\"2025-08-25T11:27:08+00:00\" \/>\n<meta name=\"author\" content=\"Kevin Graham\" \/>\n<meta name=\"twitter:card\" content=\"summary_large_image\" \/>\n<meta name=\"twitter:label1\" content=\"Written by\" \/>\n\t<meta name=\"twitter:data1\" content=\"Kevin Graham\" \/>\n\t<meta name=\"twitter:label2\" content=\"Est. reading time\" \/>\n\t<meta name=\"twitter:data2\" content=\"2 minutes\" \/>\n<script type=\"application\/ld+json\" class=\"yoast-schema-graph\">{\"@context\":\"https:\\\/\\\/schema.org\",\"@graph\":[{\"@type\":\"Article\",\"@id\":\"https:\\\/\\\/www.dppireland.ie\\\/ga\\\/office-of-the-dpp-commemorating-50-years-since-the-appointment-of-the-first-dpp\\\/#article\",\"isPartOf\":{\"@id\":\"https:\\\/\\\/www.dppireland.ie\\\/ga\\\/office-of-the-dpp-commemorating-50-years-since-the-appointment-of-the-first-dpp\\\/\"},\"author\":{\"name\":\"Kevin Graham\",\"@id\":\"https:\\\/\\\/www.dppireland.ie\\\/#\\\/schema\\\/person\\\/61e84e7b3a0f4d9d73daa242a128555c\"},\"headline\":\"Oifig an Sti\u00farth\u00f3ra Ionch\u00faiseamh Poibl\u00ed ag com\u00f3radh 50 bliain \u00f3 ceapadh an ch\u00e9ad Sti\u00farth\u00f3ir Ionch\u00faiseamh Poibl\u00ed\",\"datePublished\":\"2025-04-01T11:24:35+00:00\",\"dateModified\":\"2025-08-25T11:27:08+00:00\",\"mainEntityOfPage\":{\"@id\":\"https:\\\/\\\/www.dppireland.ie\\\/ga\\\/office-of-the-dpp-commemorating-50-years-since-the-appointment-of-the-first-dpp\\\/\"},\"wordCount\":1016,\"articleSection\":[\"Press Releases\"],\"inLanguage\":\"ga-IE\"},{\"@type\":\"WebPage\",\"@id\":\"https:\\\/\\\/www.dppireland.ie\\\/ga\\\/office-of-the-dpp-commemorating-50-years-since-the-appointment-of-the-first-dpp\\\/\",\"url\":\"https:\\\/\\\/www.dppireland.ie\\\/ga\\\/office-of-the-dpp-commemorating-50-years-since-the-appointment-of-the-first-dpp\\\/\",\"name\":\"Oifig an Sti\u00farth\u00f3ra Ionch\u00faiseamh Poibl\u00ed ag com\u00f3radh 50 bliain \u00f3 ceapadh an ch\u00e9ad Sti\u00farth\u00f3ir Ionch\u00faiseamh Poibl\u00ed - Office of the Director of Public Prosecutions\",\"isPartOf\":{\"@id\":\"https:\\\/\\\/www.dppireland.ie\\\/#website\"},\"datePublished\":\"2025-04-01T11:24:35+00:00\",\"dateModified\":\"2025-08-25T11:27:08+00:00\",\"author\":{\"@id\":\"https:\\\/\\\/www.dppireland.ie\\\/#\\\/schema\\\/person\\\/61e84e7b3a0f4d9d73daa242a128555c\"},\"description\":\"Office of the Director of Public Prosecutions Providing a prosecution that is independent, fair and effective\",\"breadcrumb\":{\"@id\":\"https:\\\/\\\/www.dppireland.ie\\\/ga\\\/office-of-the-dpp-commemorating-50-years-since-the-appointment-of-the-first-dpp\\\/#breadcrumb\"},\"inLanguage\":\"ga-IE\",\"potentialAction\":[{\"@type\":\"ReadAction\",\"target\":[\"https:\\\/\\\/www.dppireland.ie\\\/ga\\\/office-of-the-dpp-commemorating-50-years-since-the-appointment-of-the-first-dpp\\\/\"]}]},{\"@type\":\"BreadcrumbList\",\"@id\":\"https:\\\/\\\/www.dppireland.ie\\\/ga\\\/office-of-the-dpp-commemorating-50-years-since-the-appointment-of-the-first-dpp\\\/#breadcrumb\",\"itemListElement\":[{\"@type\":\"ListItem\",\"position\":1,\"name\":\"Home\",\"item\":\"https:\\\/\\\/www.dppireland.ie\\\/ga\\\/\"},{\"@type\":\"ListItem\",\"position\":2,\"name\":\"Oifig an Sti\u00farth\u00f3ra Ionch\u00faiseamh Poibl\u00ed ag com\u00f3radh 50 bliain \u00f3 ceapadh an ch\u00e9ad Sti\u00farth\u00f3ir Ionch\u00faiseamh Poibl\u00ed\"}]},{\"@type\":\"WebSite\",\"@id\":\"https:\\\/\\\/www.dppireland.ie\\\/#website\",\"url\":\"https:\\\/\\\/www.dppireland.ie\\\/\",\"name\":\"Office of the Director of Public Prosecutions\",\"description\":\"Providing a prosecution that is independent, fair and effective\",\"potentialAction\":[{\"@type\":\"SearchAction\",\"target\":{\"@type\":\"EntryPoint\",\"urlTemplate\":\"https:\\\/\\\/www.dppireland.ie\\\/?s={search_term_string}\"},\"query-input\":{\"@type\":\"PropertyValueSpecification\",\"valueRequired\":true,\"valueName\":\"search_term_string\"}}],\"inLanguage\":\"ga-IE\"},{\"@type\":\"Person\",\"@id\":\"https:\\\/\\\/www.dppireland.ie\\\/#\\\/schema\\\/person\\\/61e84e7b3a0f4d9d73daa242a128555c\",\"name\":\"Kevin Graham\",\"image\":{\"@type\":\"ImageObject\",\"inLanguage\":\"ga-IE\",\"@id\":\"https:\\\/\\\/secure.gravatar.com\\\/avatar\\\/8f86ac6aa3b78a6db186b4ab223060f02ab7747a13be021f1840ab3c724fd749?s=96&d=mm&r=g\",\"url\":\"https:\\\/\\\/secure.gravatar.com\\\/avatar\\\/8f86ac6aa3b78a6db186b4ab223060f02ab7747a13be021f1840ab3c724fd749?s=96&d=mm&r=g\",\"contentUrl\":\"https:\\\/\\\/secure.gravatar.com\\\/avatar\\\/8f86ac6aa3b78a6db186b4ab223060f02ab7747a13be021f1840ab3c724fd749?s=96&d=mm&r=g\",\"caption\":\"Kevin Graham\"}}]}<\/script>\n<!-- \/ Yoast SEO plugin. -->","yoast_head_json":{"title":"Oifig an Sti\u00farth\u00f3ra Ionch\u00faiseamh Poibl\u00ed ag com\u00f3radh 50 bliain \u00f3 ceapadh an ch\u00e9ad Sti\u00farth\u00f3ir Ionch\u00faiseamh Poibl\u00ed - Office of the Director of Public Prosecutions","description":"Office of the Director of Public Prosecutions Providing a prosecution that is independent, fair and effective","robots":{"index":"index","follow":"follow","max-snippet":"max-snippet:-1","max-image-preview":"max-image-preview:large","max-video-preview":"max-video-preview:-1"},"canonical":"https:\/\/www.dppireland.ie\/ga\/office-of-the-dpp-commemorating-50-years-since-the-appointment-of-the-first-dpp\/","og_locale":"ga_IE","og_type":"article","og_title":"Oifig an Sti\u00farth\u00f3ra Ionch\u00faiseamh Poibl\u00ed ag com\u00f3radh 50 bliain \u00f3 ceapadh an ch\u00e9ad Sti\u00farth\u00f3ir Ionch\u00faiseamh Poibl\u00ed - Office of the Director of Public Prosecutions","og_description":"Office of the Director of Public Prosecutions Providing a prosecution that is independent, fair and effective","og_url":"https:\/\/www.dppireland.ie\/ga\/office-of-the-dpp-commemorating-50-years-since-the-appointment-of-the-first-dpp\/","og_site_name":"Office of the Director of Public Prosecutions","article_published_time":"2025-04-01T11:24:35+00:00","article_modified_time":"2025-08-25T11:27:08+00:00","author":"Kevin Graham","twitter_card":"summary_large_image","twitter_misc":{"Written by":"Kevin Graham","Est. reading time":"2 minutes"},"schema":{"@context":"https:\/\/schema.org","@graph":[{"@type":"Article","@id":"https:\/\/www.dppireland.ie\/ga\/office-of-the-dpp-commemorating-50-years-since-the-appointment-of-the-first-dpp\/#article","isPartOf":{"@id":"https:\/\/www.dppireland.ie\/ga\/office-of-the-dpp-commemorating-50-years-since-the-appointment-of-the-first-dpp\/"},"author":{"name":"Kevin Graham","@id":"https:\/\/www.dppireland.ie\/#\/schema\/person\/61e84e7b3a0f4d9d73daa242a128555c"},"headline":"Oifig an Sti\u00farth\u00f3ra Ionch\u00faiseamh Poibl\u00ed ag com\u00f3radh 50 bliain \u00f3 ceapadh an ch\u00e9ad Sti\u00farth\u00f3ir Ionch\u00faiseamh Poibl\u00ed","datePublished":"2025-04-01T11:24:35+00:00","dateModified":"2025-08-25T11:27:08+00:00","mainEntityOfPage":{"@id":"https:\/\/www.dppireland.ie\/ga\/office-of-the-dpp-commemorating-50-years-since-the-appointment-of-the-first-dpp\/"},"wordCount":1016,"articleSection":["Press Releases"],"inLanguage":"ga-IE"},{"@type":"WebPage","@id":"https:\/\/www.dppireland.ie\/ga\/office-of-the-dpp-commemorating-50-years-since-the-appointment-of-the-first-dpp\/","url":"https:\/\/www.dppireland.ie\/ga\/office-of-the-dpp-commemorating-50-years-since-the-appointment-of-the-first-dpp\/","name":"Oifig an Sti\u00farth\u00f3ra Ionch\u00faiseamh Poibl\u00ed ag com\u00f3radh 50 bliain \u00f3 ceapadh an ch\u00e9ad Sti\u00farth\u00f3ir Ionch\u00faiseamh Poibl\u00ed - Office of the Director of Public Prosecutions","isPartOf":{"@id":"https:\/\/www.dppireland.ie\/#website"},"datePublished":"2025-04-01T11:24:35+00:00","dateModified":"2025-08-25T11:27:08+00:00","author":{"@id":"https:\/\/www.dppireland.ie\/#\/schema\/person\/61e84e7b3a0f4d9d73daa242a128555c"},"description":"Office of the Director of Public Prosecutions Providing a prosecution that is independent, fair and effective","breadcrumb":{"@id":"https:\/\/www.dppireland.ie\/ga\/office-of-the-dpp-commemorating-50-years-since-the-appointment-of-the-first-dpp\/#breadcrumb"},"inLanguage":"ga-IE","potentialAction":[{"@type":"ReadAction","target":["https:\/\/www.dppireland.ie\/ga\/office-of-the-dpp-commemorating-50-years-since-the-appointment-of-the-first-dpp\/"]}]},{"@type":"BreadcrumbList","@id":"https:\/\/www.dppireland.ie\/ga\/office-of-the-dpp-commemorating-50-years-since-the-appointment-of-the-first-dpp\/#breadcrumb","itemListElement":[{"@type":"ListItem","position":1,"name":"Home","item":"https:\/\/www.dppireland.ie\/ga\/"},{"@type":"ListItem","position":2,"name":"Oifig an Sti\u00farth\u00f3ra Ionch\u00faiseamh Poibl\u00ed ag com\u00f3radh 50 bliain \u00f3 ceapadh an ch\u00e9ad Sti\u00farth\u00f3ir Ionch\u00faiseamh Poibl\u00ed"}]},{"@type":"WebSite","@id":"https:\/\/www.dppireland.ie\/#website","url":"https:\/\/www.dppireland.ie\/","name":"Office of the Director of Public Prosecutions","description":"Providing a prosecution that is independent, fair and effective","potentialAction":[{"@type":"SearchAction","target":{"@type":"EntryPoint","urlTemplate":"https:\/\/www.dppireland.ie\/?s={search_term_string}"},"query-input":{"@type":"PropertyValueSpecification","valueRequired":true,"valueName":"search_term_string"}}],"inLanguage":"ga-IE"},{"@type":"Person","@id":"https:\/\/www.dppireland.ie\/#\/schema\/person\/61e84e7b3a0f4d9d73daa242a128555c","name":"Kevin Graham","image":{"@type":"ImageObject","inLanguage":"ga-IE","@id":"https:\/\/secure.gravatar.com\/avatar\/8f86ac6aa3b78a6db186b4ab223060f02ab7747a13be021f1840ab3c724fd749?s=96&d=mm&r=g","url":"https:\/\/secure.gravatar.com\/avatar\/8f86ac6aa3b78a6db186b4ab223060f02ab7747a13be021f1840ab3c724fd749?s=96&d=mm&r=g","contentUrl":"https:\/\/secure.gravatar.com\/avatar\/8f86ac6aa3b78a6db186b4ab223060f02ab7747a13be021f1840ab3c724fd749?s=96&d=mm&r=g","caption":"Kevin Graham"}}]}},"jetpack_featured_media_url":"","jetpack_sharing_enabled":true,"_links":{"self":[{"href":"https:\/\/www.dppireland.ie\/ga\/wp-json\/wp\/v2\/posts\/26618","targetHints":{"allow":["GET"]}}],"collection":[{"href":"https:\/\/www.dppireland.ie\/ga\/wp-json\/wp\/v2\/posts"}],"about":[{"href":"https:\/\/www.dppireland.ie\/ga\/wp-json\/wp\/v2\/types\/post"}],"author":[{"embeddable":true,"href":"https:\/\/www.dppireland.ie\/ga\/wp-json\/wp\/v2\/users\/4"}],"replies":[{"embeddable":true,"href":"https:\/\/www.dppireland.ie\/ga\/wp-json\/wp\/v2\/comments?post=26618"}],"version-history":[{"count":4,"href":"https:\/\/www.dppireland.ie\/ga\/wp-json\/wp\/v2\/posts\/26618\/revisions"}],"predecessor-version":[{"id":27373,"href":"https:\/\/www.dppireland.ie\/ga\/wp-json\/wp\/v2\/posts\/26618\/revisions\/27373"}],"wp:attachment":[{"href":"https:\/\/www.dppireland.ie\/ga\/wp-json\/wp\/v2\/media?parent=26618"}],"wp:term":[{"taxonomy":"category","embeddable":true,"href":"https:\/\/www.dppireland.ie\/ga\/wp-json\/wp\/v2\/categories?post=26618"},{"taxonomy":"post_tag","embeddable":true,"href":"https:\/\/www.dppireland.ie\/ga\/wp-json\/wp\/v2\/tags?post=26618"}],"curies":[{"name":"wp","href":"https:\/\/api.w.org\/{rel}","templated":true}]}}