{"id":26395,"date":"2025-02-13T09:30:25","date_gmt":"2025-02-13T09:30:25","guid":{"rendered":"https:\/\/www.dppireland.ie\/?p=26395"},"modified":"2025-02-13T09:36:52","modified_gmt":"2025-02-13T09:36:52","slug":"launch-of-strategy-statement-2025-2027","status":"publish","type":"post","link":"https:\/\/www.dppireland.ie\/ga\/launch-of-strategy-statement-2025-2027\/","title":{"rendered":"Seoladh R\u00e1iteas Strait\u00e9ise 2025-2027"},"content":{"rendered":"<p>Sheol an Sti\u00farth\u00f3ir Ionch\u00faiseamh Poibl\u00ed, An tUas. Catherine Pierse, R\u00e1iteas Strait\u00e9ise na hOifige 2025-2027 inniu. T\u00e1 an Strait\u00e9is seo ag teacht le ch\u00e9ile le hOifig an Sti\u00farth\u00f3ra Ionch\u00faiseamh Poibl\u00ed ag com\u00f3radh 50 bliain \u00f3 buna\u00edodh \u00ed i 1975.<\/p>\n<p>Tugann an Sti\u00farth\u00f3ir breac-chuntas ina R\u00e9amhr\u00e1:<\/p>\n<blockquote><p><em>Le 50 bliain anuas, is \u00e9 misean Oifig an Sti\u00farth\u00f3ra Ionch\u00faiseamh Poibl\u00ed seirbh\u00eds ionch\u00faisimh at\u00e1 cothrom, neamhsple\u00e1ch agus \u00e9ifeachtach a chur ar f\u00e1il thar ceann mhuintir uile na h\u00c9ireann. D\u2019fh\u00e1s s\u00e9 \u00f3 Oifig de cheathrar Oifigeach Dl\u00ed i 1975 go beagnach 300 ball foirne ag deireadh 2024, ag oiri\u00fan\u00fa thar na blianta do thimpeallacht at\u00e1 ag athr\u00fa de sh\u00edor. T\u00e1 s\u00e9 mar aidhm ag \u00e1r R\u00e1iteas Strait\u00e9ise nua cur leis an oidhreacht l\u00e1idir sin, chomh maith leis an dul chun cinn at\u00e1 d\u00e9anta chun gn\u00edomhartha a chur i gcr\u00edch faoin R\u00e1iteas Strait\u00e9ise 2022-2024.\u201d<\/em><\/p><\/blockquote>\n<p>Admha\u00edonn an Sti\u00farth\u00f3ir go seoltar an Strait\u00e9is is d\u00e9ana\u00ed:<\/p>\n<blockquote><p><em>ag am nuair a leanann \u00e1r dtimpeallacht oibri\u00fach\u00e1in ag forbairt ag luas. T\u00e1 \u00e9ileamh suntasach m\u00e9adaithe ar \u00e1r seirbh\u00eds le m\u00e9ad\u00fa suntasach ar leibh\u00e9il ghn\u00edomha\u00edochta ar fud gach dl\u00ednse c\u00fairte coiri\u00fala. Leanann s\u00e9 seo, in \u00e9ineacht leis an bhf\u00e1s ar l\u00edon na sonra\u00ed digiteacha a bhaineann le himscr\u00faduithe coiri\u00fala, ag dul i bhfeidhm ar an obair a dh\u00e9anaimid agus ar an gcaoi a nd\u00e9anaimid \u00e9.\u201d<\/em><\/p><\/blockquote>\n<p>Sna tr\u00ed bliana amach romhainn, d\u00edreoidh obair agus acmhainn\u00ed Oifig an Sti\u00farth\u00f3ra Ionch\u00faiseamh Poibl\u00ed ar thr\u00ed sprioc strait\u00e9iseacha a sheachadadh:<\/p>\n<ol>\n<li>S\u00e1rmhaitheas agus caighde\u00e1in ghairmi\u00fala arda a chur chun cinn<\/li>\n<li>Muin\u00edn an phobail a choinne\u00e1il sa tseirbh\u00eds ionch\u00faisimh choiri\u00fail<\/li>\n<li>Cur le cult\u00far nu\u00e1la\u00edochta agus comhoibrithe chun tac\u00fa le feabhsuithe seirbh\u00edse sa ch\u00f3ras ceartais choiri\u00fail<\/li>\n<\/ol>\n<p>Tugann an Sti\u00farth\u00f3ir athchoimre ar an m\u00e9id seo a leanas:<\/p>\n<blockquote><p><em>Tuigim na br\u00fanna agus na moilleanna at\u00e1 ann ar fud an ch\u00f3rais ceartais choiri\u00fail maidir le c\u00e1sanna a chur ar aghaidh \u00f3 ghear\u00e1n go tabhairt chun cr\u00edche agus an tionchar ar gach duine at\u00e1 i gceist. Beidh s\u00e9 riachtanach go n-oibreoidh gach duine againn sa ch\u00f3ras ceartais choiri\u00fail le ch\u00e9ile chun freagairt go h\u00e9ifeachtach do na d\u00fashl\u00e1in athch\u00f3irithe at\u00e1 romhainn agus chun eisp\u00e9iris na ndaoine a idirghn\u00edomha\u00edonn sa ch\u00f3ras a fheabhs\u00fa.\u201d<\/em><\/p><\/blockquote>\n<p>Is mian leis an Sti\u00farth\u00f3ir bu\u00edochas a ghabh\u00e1il leo si\u00fad go l\u00e9ir a chuidigh le forbairt na Strait\u00e9ise agus tugann s\u00ed d\u00e1 haire:<\/p>\n<blockquote><p><em>C\u00e9 go nd\u00edr\u00edonn an strait\u00e9is seo ar na pr\u00edomhghn\u00edomhartha a ghlacfaimid thar na tr\u00ed bliana amach romhainn, cuirfidh an t-aiseolas n\u00edos leithne a shol\u00e1thr\u00f3far le linn an phr\u00f3isis \u00e1r smaointeoireacht ar an eolas faoi raon n\u00edos leithne tionscnamh a d&#8217;fh\u00e9adfa\u00ed a ghlacadh sa todhcha\u00ed.\u201d<\/em><\/p><\/blockquote>\n<p>T\u00e1 an R\u00e1iteas Strait\u00e9ise ioml\u00e1n 2025-2027 d\u2019Oifig an Sti\u00farth\u00f3ra Ionch\u00faiseamh Poibl\u00ed ar f\u00e1il anois le l\u00e9amh <a href=\"https:\/\/www.dppireland.ie\/ga\/publication-category\/strategy-statements\">anseo ar an su\u00edomh gr\u00e9as\u00e1in seo<\/a>.<\/p>\n<p>Ba ch\u00f3ir aon cheisteanna a sheoladh ar r\u00edomhphost chuig: <a href=\"mailto:media.liaison@dppireland.ie\">media.liaison@dppireland.ie<\/a><\/p>\n<p>&#8211; CR\u00cdOCH &#8211;<\/p>\n<table class=\" alignleft\" style=\"width: 100%; border-style: inset; border-color: #bfbdbd;\" width=\"100%\" cellspacing=\"5\" cellpadding=\"5\">\n<tbody>\n<tr>\n<td width=\"641\"><strong>N\u00d3TA D\u2019EAGARTH\u00d3IR\u00cd:<\/strong>\n<p><strong style=\"font-family: inherit; font-size: inherit;\">Maidir le hOifig an Sti\u00farth\u00f3ra Ionch\u00faiseamh Poibl\u00ed:<\/strong><span style=\"font-family: inherit; font-size: inherit;\">\u00a0T\u00e1 an Sti\u00farth\u00f3ir Ionch\u00faiseamh Poibl\u00ed, Catherine Pierse, neamhsple\u00e1ch i gcomhl\u00edonadh a feidhmeanna.\u00a0 Is iad seo na dualgais at\u00e1 ar an Sti\u00farth\u00f3ir:<\/span><\/p>\n<ul>\n<li>an dl\u00ed coiri\u00fail a fhorfheidhmi\u00fa sna c\u00fairteanna ar son mhuintir na h\u00c9ireann;<\/li>\n<li>ionch\u00faisimh phoibl\u00ed a threor\u00fa agus a mhaoirsi\u00fa ar d\u00edot\u00e1il sna c\u00fairteanna;<\/li>\n<li>treoir agus comhairle ghinear\u00e1lta a thabhairt don Gharda S\u00edoch\u00e1na maidir le c\u00e1sanna achoimre; agus<\/li>\n<li>treoir shonrach a thabhairt don Gharda S\u00edoch\u00e1na i gc\u00e1sanna ina n-iarrtar \u00ed.<\/li>\n<\/ul>\n<p>Clice\u00e1il\u00a0<a href=\"https:\/\/www.dppireland.ie\/ga\/about-us\/\"><strong>anseo<\/strong><\/a>\u00a0chun tuilleadh a fhoghlaim faoi obair Oifig an Sti\u00farth\u00f3ra Ionch\u00faiseamh Poibl\u00ed.<\/p>\n<p>Clice\u00e1il <a href=\"https:\/\/www.dppireland.ie\/ga\/criminal-justice-system\/\"><strong>anseo<\/strong><\/a> chun tuilleadh a fhoghlaim faoin\u00e1r r\u00f3l sa Ch\u00f3ras Ceartais Choiri\u00fail.<\/p>\n<p>Clice\u00e1il\u00a0<a href=\"https:\/\/www.dppireland.ie\/ga\/publications\/information-for-the-public\"><strong>anseo<\/strong><\/a>\u00a0chun rochtain a fh\u00e1il ar \u00e1r sraith de leabhr\u00e1in eolais B\u00e9arla simpl\u00ed.<\/p><\/td>\n<\/tr>\n<\/tbody>\n<\/table>\n<p>&nbsp;<\/p>\n","protected":false},"excerpt":{"rendered":"<p>Sheol an Sti\u00farth\u00f3ir Ionch\u00faiseamh Poibl\u00ed, An tUas. Catherine Pierse, R\u00e1iteas Strait\u00e9ise na hOifige 2025-2027 inniu. T\u00e1 an Strait\u00e9is seo ag teacht le ch\u00e9ile le hOifig an Sti\u00farth\u00f3ra Ionch\u00faiseamh Poibl\u00ed ag com\u00f3radh 50 bliain \u00f3 buna\u00edodh \u00ed i 1975. Tugann an Sti\u00farth\u00f3ir breac-chuntas ina R\u00e9amhr\u00e1: Le 50 bliain anuas, is \u00e9 misean Oifig an Sti\u00farth\u00f3ra Ionch\u00faiseamh &hellip; <a href=\"https:\/\/www.dppireland.ie\/ga\/launch-of-strategy-statement-2025-2027\/\">Continued<\/a><\/p>\n","protected":false},"author":3,"featured_media":0,"comment_status":"closed","ping_status":"closed","sticky":false,"template":"","format":"standard","meta":{"_acf_changed":false,"om_disable_all_campaigns":false,"_relevanssi_hide_post":"","_relevanssi_hide_content":"","_relevanssi_pin_for_all":"","_relevanssi_pin_keywords":"","_relevanssi_unpin_keywords":"","_relevanssi_related_keywords":"","_relevanssi_related_include_ids":"","_relevanssi_related_exclude_ids":"","_relevanssi_related_no_append":"","_relevanssi_related_not_related":"","_relevanssi_related_posts":"","_relevanssi_noindex_reason":"","_monsterinsights_skip_tracking":false,"_monsterinsights_sitenote_active":false,"_monsterinsights_sitenote_note":"","_monsterinsights_sitenote_category":0,"_uf_show_specific_survey":0,"_uf_disable_surveys":false,"_jetpack_memberships_contains_paid_content":false,"footnotes":""},"categories":[103],"tags":[],"class_list":["post-26395","post","type-post","status-publish","format-standard","hentry","category-press-releases-ga"],"acf":[],"yoast_head":"<!-- This site is optimized with the Yoast SEO plugin v27.4 - https:\/\/yoast.com\/product\/yoast-seo-wordpress\/ -->\n<title>Seoladh R\u00e1iteas Strait\u00e9ise 2025-2027 - Office of the Director of Public Prosecutions<\/title>\n<meta name=\"description\" content=\"Office of the Director of Public Prosecutions Providing a prosecution that is independent, fair and effective\" \/>\n<meta name=\"robots\" content=\"index, follow, max-snippet:-1, max-image-preview:large, max-video-preview:-1\" \/>\n<link rel=\"canonical\" href=\"https:\/\/www.dppireland.ie\/ga\/launch-of-strategy-statement-2025-2027\/\" \/>\n<meta property=\"og:locale\" content=\"ga_IE\" \/>\n<meta property=\"og:type\" content=\"article\" \/>\n<meta property=\"og:title\" content=\"Seoladh R\u00e1iteas Strait\u00e9ise 2025-2027 - Office of the Director of Public Prosecutions\" \/>\n<meta property=\"og:description\" content=\"Office of the Director of Public Prosecutions Providing a prosecution that is independent, fair and effective\" \/>\n<meta property=\"og:url\" content=\"https:\/\/www.dppireland.ie\/ga\/launch-of-strategy-statement-2025-2027\/\" \/>\n<meta property=\"og:site_name\" content=\"Office of the Director of Public Prosecutions\" \/>\n<meta property=\"article:published_time\" content=\"2025-02-13T09:30:25+00:00\" \/>\n<meta property=\"article:modified_time\" content=\"2025-02-13T09:36:52+00:00\" \/>\n<meta name=\"author\" content=\"Orlagh Flood\" \/>\n<meta name=\"twitter:card\" content=\"summary_large_image\" \/>\n<meta name=\"twitter:label1\" content=\"Written by\" \/>\n\t<meta name=\"twitter:data1\" content=\"Orlagh Flood\" \/>\n\t<meta name=\"twitter:label2\" content=\"Est. reading time\" \/>\n\t<meta name=\"twitter:data2\" content=\"2 minutes\" \/>\n<script type=\"application\/ld+json\" class=\"yoast-schema-graph\">{\"@context\":\"https:\\\/\\\/schema.org\",\"@graph\":[{\"@type\":\"Article\",\"@id\":\"https:\\\/\\\/www.dppireland.ie\\\/ga\\\/launch-of-strategy-statement-2025-2027\\\/#article\",\"isPartOf\":{\"@id\":\"https:\\\/\\\/www.dppireland.ie\\\/ga\\\/launch-of-strategy-statement-2025-2027\\\/\"},\"author\":{\"name\":\"Orlagh Flood\",\"@id\":\"https:\\\/\\\/www.dppireland.ie\\\/#\\\/schema\\\/person\\\/806948303e1dc1cb098edbb994a5aaf0\"},\"headline\":\"Seoladh R\u00e1iteas Strait\u00e9ise 2025-2027\",\"datePublished\":\"2025-02-13T09:30:25+00:00\",\"dateModified\":\"2025-02-13T09:36:52+00:00\",\"mainEntityOfPage\":{\"@id\":\"https:\\\/\\\/www.dppireland.ie\\\/ga\\\/launch-of-strategy-statement-2025-2027\\\/\"},\"wordCount\":732,\"articleSection\":[\"Press Releases\"],\"inLanguage\":\"ga-IE\"},{\"@type\":\"WebPage\",\"@id\":\"https:\\\/\\\/www.dppireland.ie\\\/ga\\\/launch-of-strategy-statement-2025-2027\\\/\",\"url\":\"https:\\\/\\\/www.dppireland.ie\\\/ga\\\/launch-of-strategy-statement-2025-2027\\\/\",\"name\":\"Seoladh R\u00e1iteas Strait\u00e9ise 2025-2027 - Office of the Director of Public Prosecutions\",\"isPartOf\":{\"@id\":\"https:\\\/\\\/www.dppireland.ie\\\/#website\"},\"datePublished\":\"2025-02-13T09:30:25+00:00\",\"dateModified\":\"2025-02-13T09:36:52+00:00\",\"author\":{\"@id\":\"https:\\\/\\\/www.dppireland.ie\\\/#\\\/schema\\\/person\\\/806948303e1dc1cb098edbb994a5aaf0\"},\"description\":\"Office of the Director of Public Prosecutions Providing a prosecution that is independent, fair and effective\",\"breadcrumb\":{\"@id\":\"https:\\\/\\\/www.dppireland.ie\\\/ga\\\/launch-of-strategy-statement-2025-2027\\\/#breadcrumb\"},\"inLanguage\":\"ga-IE\",\"potentialAction\":[{\"@type\":\"ReadAction\",\"target\":[\"https:\\\/\\\/www.dppireland.ie\\\/ga\\\/launch-of-strategy-statement-2025-2027\\\/\"]}]},{\"@type\":\"BreadcrumbList\",\"@id\":\"https:\\\/\\\/www.dppireland.ie\\\/ga\\\/launch-of-strategy-statement-2025-2027\\\/#breadcrumb\",\"itemListElement\":[{\"@type\":\"ListItem\",\"position\":1,\"name\":\"Home\",\"item\":\"https:\\\/\\\/www.dppireland.ie\\\/ga\\\/\"},{\"@type\":\"ListItem\",\"position\":2,\"name\":\"Seoladh R\u00e1iteas Strait\u00e9ise 2025-2027\"}]},{\"@type\":\"WebSite\",\"@id\":\"https:\\\/\\\/www.dppireland.ie\\\/#website\",\"url\":\"https:\\\/\\\/www.dppireland.ie\\\/\",\"name\":\"Office of the Director of Public Prosecutions\",\"description\":\"Providing a prosecution that is independent, fair and effective\",\"potentialAction\":[{\"@type\":\"SearchAction\",\"target\":{\"@type\":\"EntryPoint\",\"urlTemplate\":\"https:\\\/\\\/www.dppireland.ie\\\/?s={search_term_string}\"},\"query-input\":{\"@type\":\"PropertyValueSpecification\",\"valueRequired\":true,\"valueName\":\"search_term_string\"}}],\"inLanguage\":\"ga-IE\"},{\"@type\":\"Person\",\"@id\":\"https:\\\/\\\/www.dppireland.ie\\\/#\\\/schema\\\/person\\\/806948303e1dc1cb098edbb994a5aaf0\",\"name\":\"Orlagh Flood\",\"image\":{\"@type\":\"ImageObject\",\"inLanguage\":\"ga-IE\",\"@id\":\"https:\\\/\\\/secure.gravatar.com\\\/avatar\\\/f5cba3673d96204d3abb9da5bada45ea0b350af9b453997e9a6b8172f5e42be1?s=96&d=mm&r=g\",\"url\":\"https:\\\/\\\/secure.gravatar.com\\\/avatar\\\/f5cba3673d96204d3abb9da5bada45ea0b350af9b453997e9a6b8172f5e42be1?s=96&d=mm&r=g\",\"contentUrl\":\"https:\\\/\\\/secure.gravatar.com\\\/avatar\\\/f5cba3673d96204d3abb9da5bada45ea0b350af9b453997e9a6b8172f5e42be1?s=96&d=mm&r=g\",\"caption\":\"Orlagh Flood\"}}]}<\/script>\n<!-- \/ Yoast SEO plugin. -->","yoast_head_json":{"title":"Seoladh R\u00e1iteas Strait\u00e9ise 2025-2027 - Office of the Director of Public Prosecutions","description":"Office of the Director of Public Prosecutions Providing a prosecution that is independent, fair and effective","robots":{"index":"index","follow":"follow","max-snippet":"max-snippet:-1","max-image-preview":"max-image-preview:large","max-video-preview":"max-video-preview:-1"},"canonical":"https:\/\/www.dppireland.ie\/ga\/launch-of-strategy-statement-2025-2027\/","og_locale":"ga_IE","og_type":"article","og_title":"Seoladh R\u00e1iteas Strait\u00e9ise 2025-2027 - Office of the Director of Public Prosecutions","og_description":"Office of the Director of Public Prosecutions Providing a prosecution that is independent, fair and effective","og_url":"https:\/\/www.dppireland.ie\/ga\/launch-of-strategy-statement-2025-2027\/","og_site_name":"Office of the Director of Public Prosecutions","article_published_time":"2025-02-13T09:30:25+00:00","article_modified_time":"2025-02-13T09:36:52+00:00","author":"Orlagh Flood","twitter_card":"summary_large_image","twitter_misc":{"Written by":"Orlagh Flood","Est. reading time":"2 minutes"},"schema":{"@context":"https:\/\/schema.org","@graph":[{"@type":"Article","@id":"https:\/\/www.dppireland.ie\/ga\/launch-of-strategy-statement-2025-2027\/#article","isPartOf":{"@id":"https:\/\/www.dppireland.ie\/ga\/launch-of-strategy-statement-2025-2027\/"},"author":{"name":"Orlagh Flood","@id":"https:\/\/www.dppireland.ie\/#\/schema\/person\/806948303e1dc1cb098edbb994a5aaf0"},"headline":"Seoladh R\u00e1iteas Strait\u00e9ise 2025-2027","datePublished":"2025-02-13T09:30:25+00:00","dateModified":"2025-02-13T09:36:52+00:00","mainEntityOfPage":{"@id":"https:\/\/www.dppireland.ie\/ga\/launch-of-strategy-statement-2025-2027\/"},"wordCount":732,"articleSection":["Press Releases"],"inLanguage":"ga-IE"},{"@type":"WebPage","@id":"https:\/\/www.dppireland.ie\/ga\/launch-of-strategy-statement-2025-2027\/","url":"https:\/\/www.dppireland.ie\/ga\/launch-of-strategy-statement-2025-2027\/","name":"Seoladh R\u00e1iteas Strait\u00e9ise 2025-2027 - Office of the Director of Public Prosecutions","isPartOf":{"@id":"https:\/\/www.dppireland.ie\/#website"},"datePublished":"2025-02-13T09:30:25+00:00","dateModified":"2025-02-13T09:36:52+00:00","author":{"@id":"https:\/\/www.dppireland.ie\/#\/schema\/person\/806948303e1dc1cb098edbb994a5aaf0"},"description":"Office of the Director of Public Prosecutions Providing a prosecution that is independent, fair and effective","breadcrumb":{"@id":"https:\/\/www.dppireland.ie\/ga\/launch-of-strategy-statement-2025-2027\/#breadcrumb"},"inLanguage":"ga-IE","potentialAction":[{"@type":"ReadAction","target":["https:\/\/www.dppireland.ie\/ga\/launch-of-strategy-statement-2025-2027\/"]}]},{"@type":"BreadcrumbList","@id":"https:\/\/www.dppireland.ie\/ga\/launch-of-strategy-statement-2025-2027\/#breadcrumb","itemListElement":[{"@type":"ListItem","position":1,"name":"Home","item":"https:\/\/www.dppireland.ie\/ga\/"},{"@type":"ListItem","position":2,"name":"Seoladh R\u00e1iteas Strait\u00e9ise 2025-2027"}]},{"@type":"WebSite","@id":"https:\/\/www.dppireland.ie\/#website","url":"https:\/\/www.dppireland.ie\/","name":"Office of the Director of Public Prosecutions","description":"Providing a prosecution that is independent, fair and effective","potentialAction":[{"@type":"SearchAction","target":{"@type":"EntryPoint","urlTemplate":"https:\/\/www.dppireland.ie\/?s={search_term_string}"},"query-input":{"@type":"PropertyValueSpecification","valueRequired":true,"valueName":"search_term_string"}}],"inLanguage":"ga-IE"},{"@type":"Person","@id":"https:\/\/www.dppireland.ie\/#\/schema\/person\/806948303e1dc1cb098edbb994a5aaf0","name":"Orlagh Flood","image":{"@type":"ImageObject","inLanguage":"ga-IE","@id":"https:\/\/secure.gravatar.com\/avatar\/f5cba3673d96204d3abb9da5bada45ea0b350af9b453997e9a6b8172f5e42be1?s=96&d=mm&r=g","url":"https:\/\/secure.gravatar.com\/avatar\/f5cba3673d96204d3abb9da5bada45ea0b350af9b453997e9a6b8172f5e42be1?s=96&d=mm&r=g","contentUrl":"https:\/\/secure.gravatar.com\/avatar\/f5cba3673d96204d3abb9da5bada45ea0b350af9b453997e9a6b8172f5e42be1?s=96&d=mm&r=g","caption":"Orlagh Flood"}}]}},"jetpack_featured_media_url":"","jetpack_sharing_enabled":true,"_links":{"self":[{"href":"https:\/\/www.dppireland.ie\/ga\/wp-json\/wp\/v2\/posts\/26395","targetHints":{"allow":["GET"]}}],"collection":[{"href":"https:\/\/www.dppireland.ie\/ga\/wp-json\/wp\/v2\/posts"}],"about":[{"href":"https:\/\/www.dppireland.ie\/ga\/wp-json\/wp\/v2\/types\/post"}],"author":[{"embeddable":true,"href":"https:\/\/www.dppireland.ie\/ga\/wp-json\/wp\/v2\/users\/3"}],"replies":[{"embeddable":true,"href":"https:\/\/www.dppireland.ie\/ga\/wp-json\/wp\/v2\/comments?post=26395"}],"version-history":[{"count":4,"href":"https:\/\/www.dppireland.ie\/ga\/wp-json\/wp\/v2\/posts\/26395\/revisions"}],"predecessor-version":[{"id":26448,"href":"https:\/\/www.dppireland.ie\/ga\/wp-json\/wp\/v2\/posts\/26395\/revisions\/26448"}],"wp:attachment":[{"href":"https:\/\/www.dppireland.ie\/ga\/wp-json\/wp\/v2\/media?parent=26395"}],"wp:term":[{"taxonomy":"category","embeddable":true,"href":"https:\/\/www.dppireland.ie\/ga\/wp-json\/wp\/v2\/categories?post=26395"},{"taxonomy":"post_tag","embeddable":true,"href":"https:\/\/www.dppireland.ie\/ga\/wp-json\/wp\/v2\/tags?post=26395"}],"curies":[{"name":"wp","href":"https:\/\/api.w.org\/{rel}","templated":true}]}}