{"id":22470,"date":"2024-02-07T16:30:22","date_gmt":"2024-02-07T16:30:22","guid":{"rendered":"https:\/\/www.dppireland.ie\/?p=22470"},"modified":"2024-02-12T14:29:22","modified_gmt":"2024-02-12T14:29:22","slug":"high-level-review-group-on-the-role-of-an-garda-siochana-in-public-prosecutions","status":"publish","type":"post","link":"https:\/\/www.dppireland.ie\/ga\/high-level-review-group-on-the-role-of-an-garda-siochana-in-public-prosecutions\/","title":{"rendered":"Gr\u00fapa Athbhreithnithe Ardleibh\u00e9il ar R\u00f3l an Gharda S\u00edoch\u00e1na in Ionch\u00faisimh Phoibl\u00ed"},"content":{"rendered":"<p>F\u00e1ilt\u00edonn an Sti\u00farth\u00f3ir Ionch\u00faiseamh Poibl\u00ed, Catherine Pierse Uasal, roimh <a href=\"https:\/\/www.gov.ie\/en\/press-release\/e7d8a-government-approves-publication-of-final-report-of-review-group-on-role-of-an-garda-siochana-in-public-prosecutions\/\">fhoilsi\u00fa<\/a> thuarasc\u00e1il deiridh an Ghr\u00fapa Athbhreithnithe Ardleibh\u00e9il ar R\u00f3l an Gharda S\u00edoch\u00e1na (AGS) sa Ch\u00f3ras Ionch\u00faiseamh Poibl\u00ed inniu,ag r\u00e1:<\/p>\n<p><em>&#8220;Ghlac ionadaithe \u00f3 m&#8217;Oifig p\u00e1irt sa Ghr\u00fapa Athbhreithnithe a rinne molta\u00ed leathana a raibh s\u00e9 mar aidhm acu tac\u00fa le seirbh\u00eds ionch\u00faisimh ar ardchaighde\u00e1n i gC\u00fairteanna D\u00faiche ar fud na t\u00edre.<\/em><\/p>\n<p><em>Tuigim go maith an obair a dh\u00e9anann comhalta\u00ed den Gharda S\u00edoch\u00e1na i gC\u00fairteanna D\u00faiche ar fud na t\u00edre chun c\u00e1sanna a ionch\u00faiseamh in ainm an Sti\u00farth\u00f3ra Ionch\u00faiseamh Poibl\u00ed. T\u00e1 s\u00e9 bun\u00fasach do riaradh an cheartais gur f\u00e9idir le baill den phobal muin\u00edn a bheith acu go gcuirtear an tseirbh\u00eds ionch\u00faisimh achomair seo ar f\u00e1il ar bhealach at\u00e1 neamhsple\u00e1ch, cothrom agus \u00e9ifeachtach.<\/em><\/p>\n<p><em>T\u00e1im ag tn\u00fath le bheith ag obair le Niamh O&#8217;Donoghue, iar-Ard-R\u00fana\u00ed na Roinne Coimirce S\u00f3isiala\u00ed \u2013 at\u00e1 ainmnithe inniu mar Chathaoirleach ar an gCoiste Sti\u00fartha um Athch\u00f3iri\u00fa Ionch\u00faiseamh Achomair \u2013 agus len\u00e1r gcomhph\u00e1irtithe ceartais choiri\u00fail chun molta\u00ed an Ghr\u00fapa a chur i bhfeidhm agus chun a chinnti\u00fa go dtugtar l\u00e1ntaca\u00edocht don obair th\u00e1bhachtach ionch\u00faisimh achomair seo.&#8221;<\/em><\/p>\n<p>CR\u00cdOCH<br \/>\n&#8212;&#8212;&#8212;-<\/p>\n<h4><strong>N\u00f3ta d\u2019Eagarth\u00f3ir\u00ed:<\/strong><\/h4>\n<p>Moltar i dtuarasc\u00e1il an Ghr\u00fapa Athbhreithnithe Ardleibh\u00e9il ar R\u00f3l an Gharda S\u00edoch\u00e1na sa Ch\u00f3ras Ionch\u00faiseamh Poibl\u00ed samhail athch\u00f3irithe at\u00e1 leagtha amach ar <a href=\"https:\/\/www.gov.ie\/pdf\/?file=https:\/\/assets.gov.ie\/283202\/7944926b-4ca0-4523-b0d1-55767574c7c4.pdf#page=81\">leathanach 79 den tuarasc\u00e1il<\/a>. \u00d3 thaobh Oifig an Sti\u00farth\u00f3ra Ionch\u00faiseamh Poibl\u00ed, meastar go mbeidh na nithe seo a leanas i gceist leis sin:<\/p>\n<p><em>&#8220;Coinn\u00edonn AGS freagracht as ionch\u00faisimh a chur i l\u00e1thair sa ch\u00fairt, le taca\u00edocht \u00f3 mhaoirseacht agus oili\u00faint fheabhsaithe \u00f3 Oifig an Sti\u00farth\u00f3ra Ionch\u00faiseamh Poibl\u00ed.<\/em><\/p>\n<p><em>Bainfidh an Sti\u00farth\u00f3ir Ionch\u00faiseamh Poibl\u00ed \u00fas\u00e1id as na sonra\u00ed agus as an bhfaisn\u00e9is at\u00e1 ar f\u00e1il chun aon chine\u00e1lacha breise c\u00e1sanna a shainaithint ar cheart iad a chur faoi bhr\u00e1id na hoifige chun cinneadh a dh\u00e9anamh maidir le hionch\u00faiseamh a thionscnamh agus\/n\u00f3 ionada\u00edocht dhl\u00edthi\u00fail a shol\u00e1thar sna C\u00fairteanna D\u00faiche i mBaile \u00c1tha Cliath agus lasmuigh de Bhaile \u00c1tha Cliath nuair is cu\u00ed agus chun acmhainn\u00ed a lorg chuige sin.<\/em><\/p>\n<p><em>Breithneoidh an Sti\u00farth\u00f3ir an Sti\u00farth\u00f3ir an bealach is fearr chun tac\u00fa leis an tseirbh\u00eds ionch\u00faisimh ar fud na t\u00edre chun \u00e9ifeacht a thabhairt d&#8217;ionch\u00faiseamh cine\u00e1lacha breise c\u00e1sanna.<\/em><\/p>\n<p><em>Maoirseacht an Sti\u00farth\u00f3ir Ionch\u00faiseamh Poibl\u00ed ar fheidhmi\u00fa feidhmeanna ionch\u00faiseamh ag AGS ina ainm a fheabhs\u00fa go suntasach. D&#8217;fh\u00e9adfadh sampl\u00e1il \u00e9igeantach c\u00e1sanna, coime\u00e1d taifead, baili\u00fa staitistice agus foilsi\u00fa, agus ini\u00fachadh strucht\u00fartha rialta a bheith i gceist leis sin.<\/em><\/p>\n<p><em>Tuilleadh tr\u00e9dhearcachta agus comhsheasmhachta maidir leis na catag\u00f3ir\u00ed c\u00e1sanna C\u00fairte D\u00faiche at\u00e1 le hionch\u00faiseamh ag Oifig an Sti\u00farth\u00f3ra Ionch\u00faiseamh Poibl\u00ed&#8221;<\/em><\/p>\n<p>Tugtar aghaidh ar shaincheist na comhsheasmhachta ar fud na t\u00edre i gcodanna \u00e9ags\u00fala den tuarasc\u00e1il, lena n-\u00e1ir\u00edtear ar <a href=\"https:\/\/www.gov.ie\/pdf\/?file=https:\/\/assets.gov.ie\/283202\/7944926b-4ca0-4523-b0d1-55767574c7c4.pdf#page=87\">leathanach 85<\/a> ina moltar sa tuarasc\u00e1il go dtac\u00f3fa\u00ed le hOifig an Sti\u00farth\u00f3ra Ionch\u00faiseamh Poibl\u00ed &#8220;agus breithni\u00fa \u00e1 dh\u00e9anamh ar cheart d\u2019Oifig an Sti\u00farth\u00f3ra Ionch\u00faiseamh Poibl\u00ed\/Aturnaetha St\u00e1it faoi threoir an Sti\u00farth\u00f3ra catag\u00f3ir\u00ed \u00e1irithe c\u00e1sanna C\u00fairte D\u00faiche a ionch\u00faiseamh go d\u00edreach, chun comhsheasmhacht a chinnti\u00fa agus an chastacht a bhaineann le hionch\u00faiseamh \u00e1irithe a chur san \u00e1ireamh le cionta coiri\u00fala ar fud na t\u00edre.&#8221;<\/p>\n<p>D\u00e9antar plean cur chun feidhme ardleibh\u00e9il a mholadh sa tuarasc\u00e1il (<a href=\"https:\/\/www.gov.ie\/pdf\/?file=https:\/\/assets.gov.ie\/283202\/7944926b-4ca0-4523-b0d1-55767574c7c4.pdf#page=91\">lch 89<\/a>) <em>&#8220;tac\u00fa le comhar agus comhoibri\u00fa idir an d\u00e1 chol\u00fan geallsealbh\u00f3ir\u00ed, AGS agus Oifig an Sti\u00farth\u00f3ra Ionch\u00faiseamh Poibl\u00ed&#8221;<\/em> agus an tsamhail athch\u00f3irithe \u00e1 chur chun cinn. Moltar na c\u00e9imeanna seo a leanas ann:<\/p>\n<p><em>\u201c1. Coiste Sti\u00fartha um Athch\u00f3iri\u00fa Ionch\u00faiseamh Achomair a bhun\u00fa<br \/>\n2. Athbhreithni\u00fa ar shonra\u00ed AGS agus na Seirbh\u00edse C\u00fairteanna le haghaidh catag\u00f3ir\u00ed roghnaithe cionta<br \/>\n3. Athbhreithni\u00fa ar threoirl\u00ednte reatha agus oili\u00faint i bhfeidhm a bhaineann le feidhm ionch\u00faisimh an Gharda S\u00edoch\u00e1na.<br \/>\n4. Ar sc\u00e1la beag, sampl\u00e1il \u00edsealteicneola\u00edochta \/ gan aon teicneola\u00edocht<br \/>\n5. Sonra\u00ed \u00e1bhartha a aithint agus a bhaint as c\u00f3rais an Gharda S\u00edoch\u00e1na agus na Seirbh\u00edse C\u00fairteanna<br \/>\n6. Cuardaigh deiseanna uathoibrithe &#8216;ad hoc&#8217;<br \/>\n7. Uathoibri\u00fa ioml\u00e1n agus infheictheacht.&#8221;<\/em><\/p>\n<p>Is f\u00e9idir tuarasc\u00e1il deiridh an Ghr\u00fapa Athbhreithnithe Ardleibh\u00e9il ar R\u00f3l an Gharda S\u00edoch\u00e1na sa Ch\u00f3ras Ionch\u00faiseamh Poibl\u00ed a l\u00e9amh ina hioml\u00e1ine anseo &gt;&gt;&gt; <a href=\"https:\/\/www.gov.ie\/en\/publication\/802a0-high-level-review-group-on-the-role-of-an-garda-siochana-in-the-public-prosecution-system\/\">HLRG ar R\u00f3l an Gharda S\u00edoch\u00e1na sa Ch\u00f3ras Ionch\u00faiseamh Poibl\u00ed<\/a>.<\/p>\n","protected":false},"excerpt":{"rendered":"<p>F\u00e1ilt\u00edonn an Sti\u00farth\u00f3ir Ionch\u00faiseamh Poibl\u00ed, Catherine Pierse Uasal, roimh fhoilsi\u00fa thuarasc\u00e1il deiridh an Ghr\u00fapa Athbhreithnithe Ardleibh\u00e9il ar R\u00f3l an Gharda S\u00edoch\u00e1na (AGS) sa Ch\u00f3ras Ionch\u00faiseamh Poibl\u00ed inniu,ag r\u00e1: &#8220;Ghlac ionadaithe \u00f3 m&#8217;Oifig p\u00e1irt sa Ghr\u00fapa Athbhreithnithe a rinne molta\u00ed leathana a raibh s\u00e9 mar aidhm acu tac\u00fa le seirbh\u00eds ionch\u00faisimh ar ardchaighde\u00e1n i gC\u00fairteanna D\u00faiche &hellip; <a href=\"https:\/\/www.dppireland.ie\/ga\/high-level-review-group-on-the-role-of-an-garda-siochana-in-public-prosecutions\/\">Continued<\/a><\/p>\n","protected":false},"author":3,"featured_media":0,"comment_status":"closed","ping_status":"closed","sticky":false,"template":"","format":"standard","meta":{"_acf_changed":false,"om_disable_all_campaigns":false,"_relevanssi_hide_post":"","_relevanssi_hide_content":"","_relevanssi_pin_for_all":"","_relevanssi_pin_keywords":"","_relevanssi_unpin_keywords":"","_relevanssi_related_keywords":"","_relevanssi_related_include_ids":"","_relevanssi_related_exclude_ids":"","_relevanssi_related_no_append":"","_relevanssi_related_not_related":"","_relevanssi_related_posts":"","_relevanssi_noindex_reason":"","_monsterinsights_skip_tracking":false,"_monsterinsights_sitenote_active":false,"_monsterinsights_sitenote_note":"","_monsterinsights_sitenote_category":0,"_uf_show_specific_survey":0,"_uf_disable_surveys":false,"_jetpack_memberships_contains_paid_content":false,"footnotes":""},"categories":[98,103],"tags":[],"class_list":["post-22470","post","type-post","status-publish","format-standard","hentry","category-na-meain","category-press-releases-ga"],"acf":[],"yoast_head":"<!-- This site is optimized with the Yoast SEO plugin v27.4 - https:\/\/yoast.com\/product\/yoast-seo-wordpress\/ -->\n<title>Gr\u00fapa Athbhreithnithe Ardleibh\u00e9il ar R\u00f3l an Gharda S\u00edoch\u00e1na in Ionch\u00faisimh Phoibl\u00ed - Office of the Director of Public Prosecutions<\/title>\n<meta name=\"description\" content=\"Office of the Director of Public Prosecutions Providing a prosecution that is independent, fair and effective\" \/>\n<meta name=\"robots\" content=\"index, follow, max-snippet:-1, max-image-preview:large, max-video-preview:-1\" \/>\n<link rel=\"canonical\" href=\"https:\/\/www.dppireland.ie\/ga\/high-level-review-group-on-the-role-of-an-garda-siochana-in-public-prosecutions\/\" \/>\n<meta property=\"og:locale\" content=\"ga_IE\" \/>\n<meta property=\"og:type\" content=\"article\" \/>\n<meta property=\"og:title\" content=\"Gr\u00fapa Athbhreithnithe Ardleibh\u00e9il ar R\u00f3l an Gharda S\u00edoch\u00e1na in Ionch\u00faisimh Phoibl\u00ed - Office of the Director of Public Prosecutions\" \/>\n<meta property=\"og:description\" content=\"Office of the Director of Public Prosecutions Providing a prosecution that is independent, fair and effective\" \/>\n<meta property=\"og:url\" content=\"https:\/\/www.dppireland.ie\/ga\/high-level-review-group-on-the-role-of-an-garda-siochana-in-public-prosecutions\/\" \/>\n<meta property=\"og:site_name\" content=\"Office of the Director of Public Prosecutions\" \/>\n<meta property=\"article:published_time\" content=\"2024-02-07T16:30:22+00:00\" \/>\n<meta property=\"article:modified_time\" content=\"2024-02-12T14:29:22+00:00\" \/>\n<meta name=\"author\" content=\"Orlagh Flood\" \/>\n<meta name=\"twitter:card\" content=\"summary_large_image\" \/>\n<meta name=\"twitter:label1\" content=\"Written by\" \/>\n\t<meta name=\"twitter:data1\" content=\"Orlagh Flood\" \/>\n\t<meta name=\"twitter:label2\" content=\"Est. reading time\" \/>\n\t<meta name=\"twitter:data2\" content=\"3 minutes\" \/>\n<script type=\"application\/ld+json\" class=\"yoast-schema-graph\">{\"@context\":\"https:\\\/\\\/schema.org\",\"@graph\":[{\"@type\":\"Article\",\"@id\":\"https:\\\/\\\/www.dppireland.ie\\\/ga\\\/high-level-review-group-on-the-role-of-an-garda-siochana-in-public-prosecutions\\\/#article\",\"isPartOf\":{\"@id\":\"https:\\\/\\\/www.dppireland.ie\\\/ga\\\/high-level-review-group-on-the-role-of-an-garda-siochana-in-public-prosecutions\\\/\"},\"author\":{\"name\":\"Orlagh Flood\",\"@id\":\"https:\\\/\\\/www.dppireland.ie\\\/#\\\/schema\\\/person\\\/806948303e1dc1cb098edbb994a5aaf0\"},\"headline\":\"Gr\u00fapa Athbhreithnithe Ardleibh\u00e9il ar R\u00f3l an Gharda S\u00edoch\u00e1na in Ionch\u00faisimh Phoibl\u00ed\",\"datePublished\":\"2024-02-07T16:30:22+00:00\",\"dateModified\":\"2024-02-12T14:29:22+00:00\",\"mainEntityOfPage\":{\"@id\":\"https:\\\/\\\/www.dppireland.ie\\\/ga\\\/high-level-review-group-on-the-role-of-an-garda-siochana-in-public-prosecutions\\\/\"},\"wordCount\":844,\"articleSection\":[\"Na Me\u00e1in\",\"Press Releases\"],\"inLanguage\":\"ga-IE\"},{\"@type\":\"WebPage\",\"@id\":\"https:\\\/\\\/www.dppireland.ie\\\/ga\\\/high-level-review-group-on-the-role-of-an-garda-siochana-in-public-prosecutions\\\/\",\"url\":\"https:\\\/\\\/www.dppireland.ie\\\/ga\\\/high-level-review-group-on-the-role-of-an-garda-siochana-in-public-prosecutions\\\/\",\"name\":\"Gr\u00fapa Athbhreithnithe Ardleibh\u00e9il ar R\u00f3l an Gharda S\u00edoch\u00e1na in Ionch\u00faisimh Phoibl\u00ed - Office of the Director of Public Prosecutions\",\"isPartOf\":{\"@id\":\"https:\\\/\\\/www.dppireland.ie\\\/#website\"},\"datePublished\":\"2024-02-07T16:30:22+00:00\",\"dateModified\":\"2024-02-12T14:29:22+00:00\",\"author\":{\"@id\":\"https:\\\/\\\/www.dppireland.ie\\\/#\\\/schema\\\/person\\\/806948303e1dc1cb098edbb994a5aaf0\"},\"description\":\"Office of the Director of Public Prosecutions Providing a prosecution that is independent, fair and effective\",\"breadcrumb\":{\"@id\":\"https:\\\/\\\/www.dppireland.ie\\\/ga\\\/high-level-review-group-on-the-role-of-an-garda-siochana-in-public-prosecutions\\\/#breadcrumb\"},\"inLanguage\":\"ga-IE\",\"potentialAction\":[{\"@type\":\"ReadAction\",\"target\":[\"https:\\\/\\\/www.dppireland.ie\\\/ga\\\/high-level-review-group-on-the-role-of-an-garda-siochana-in-public-prosecutions\\\/\"]}]},{\"@type\":\"BreadcrumbList\",\"@id\":\"https:\\\/\\\/www.dppireland.ie\\\/ga\\\/high-level-review-group-on-the-role-of-an-garda-siochana-in-public-prosecutions\\\/#breadcrumb\",\"itemListElement\":[{\"@type\":\"ListItem\",\"position\":1,\"name\":\"Home\",\"item\":\"https:\\\/\\\/www.dppireland.ie\\\/ga\\\/\"},{\"@type\":\"ListItem\",\"position\":2,\"name\":\"Gr\u00fapa Athbhreithnithe Ardleibh\u00e9il ar R\u00f3l an Gharda S\u00edoch\u00e1na in Ionch\u00faisimh Phoibl\u00ed\"}]},{\"@type\":\"WebSite\",\"@id\":\"https:\\\/\\\/www.dppireland.ie\\\/#website\",\"url\":\"https:\\\/\\\/www.dppireland.ie\\\/\",\"name\":\"Office of the Director of Public Prosecutions\",\"description\":\"Providing a prosecution that is independent, fair and effective\",\"potentialAction\":[{\"@type\":\"SearchAction\",\"target\":{\"@type\":\"EntryPoint\",\"urlTemplate\":\"https:\\\/\\\/www.dppireland.ie\\\/?s={search_term_string}\"},\"query-input\":{\"@type\":\"PropertyValueSpecification\",\"valueRequired\":true,\"valueName\":\"search_term_string\"}}],\"inLanguage\":\"ga-IE\"},{\"@type\":\"Person\",\"@id\":\"https:\\\/\\\/www.dppireland.ie\\\/#\\\/schema\\\/person\\\/806948303e1dc1cb098edbb994a5aaf0\",\"name\":\"Orlagh Flood\",\"image\":{\"@type\":\"ImageObject\",\"inLanguage\":\"ga-IE\",\"@id\":\"https:\\\/\\\/secure.gravatar.com\\\/avatar\\\/f5cba3673d96204d3abb9da5bada45ea0b350af9b453997e9a6b8172f5e42be1?s=96&d=mm&r=g\",\"url\":\"https:\\\/\\\/secure.gravatar.com\\\/avatar\\\/f5cba3673d96204d3abb9da5bada45ea0b350af9b453997e9a6b8172f5e42be1?s=96&d=mm&r=g\",\"contentUrl\":\"https:\\\/\\\/secure.gravatar.com\\\/avatar\\\/f5cba3673d96204d3abb9da5bada45ea0b350af9b453997e9a6b8172f5e42be1?s=96&d=mm&r=g\",\"caption\":\"Orlagh Flood\"}}]}<\/script>\n<!-- \/ Yoast SEO plugin. -->","yoast_head_json":{"title":"Gr\u00fapa Athbhreithnithe Ardleibh\u00e9il ar R\u00f3l an Gharda S\u00edoch\u00e1na in Ionch\u00faisimh Phoibl\u00ed - Office of the Director of Public Prosecutions","description":"Office of the Director of Public Prosecutions Providing a prosecution that is independent, fair and effective","robots":{"index":"index","follow":"follow","max-snippet":"max-snippet:-1","max-image-preview":"max-image-preview:large","max-video-preview":"max-video-preview:-1"},"canonical":"https:\/\/www.dppireland.ie\/ga\/high-level-review-group-on-the-role-of-an-garda-siochana-in-public-prosecutions\/","og_locale":"ga_IE","og_type":"article","og_title":"Gr\u00fapa Athbhreithnithe Ardleibh\u00e9il ar R\u00f3l an Gharda S\u00edoch\u00e1na in Ionch\u00faisimh Phoibl\u00ed - Office of the Director of Public Prosecutions","og_description":"Office of the Director of Public Prosecutions Providing a prosecution that is independent, fair and effective","og_url":"https:\/\/www.dppireland.ie\/ga\/high-level-review-group-on-the-role-of-an-garda-siochana-in-public-prosecutions\/","og_site_name":"Office of the Director of Public Prosecutions","article_published_time":"2024-02-07T16:30:22+00:00","article_modified_time":"2024-02-12T14:29:22+00:00","author":"Orlagh Flood","twitter_card":"summary_large_image","twitter_misc":{"Written by":"Orlagh Flood","Est. reading time":"3 minutes"},"schema":{"@context":"https:\/\/schema.org","@graph":[{"@type":"Article","@id":"https:\/\/www.dppireland.ie\/ga\/high-level-review-group-on-the-role-of-an-garda-siochana-in-public-prosecutions\/#article","isPartOf":{"@id":"https:\/\/www.dppireland.ie\/ga\/high-level-review-group-on-the-role-of-an-garda-siochana-in-public-prosecutions\/"},"author":{"name":"Orlagh Flood","@id":"https:\/\/www.dppireland.ie\/#\/schema\/person\/806948303e1dc1cb098edbb994a5aaf0"},"headline":"Gr\u00fapa Athbhreithnithe Ardleibh\u00e9il ar R\u00f3l an Gharda S\u00edoch\u00e1na in Ionch\u00faisimh Phoibl\u00ed","datePublished":"2024-02-07T16:30:22+00:00","dateModified":"2024-02-12T14:29:22+00:00","mainEntityOfPage":{"@id":"https:\/\/www.dppireland.ie\/ga\/high-level-review-group-on-the-role-of-an-garda-siochana-in-public-prosecutions\/"},"wordCount":844,"articleSection":["Na Me\u00e1in","Press Releases"],"inLanguage":"ga-IE"},{"@type":"WebPage","@id":"https:\/\/www.dppireland.ie\/ga\/high-level-review-group-on-the-role-of-an-garda-siochana-in-public-prosecutions\/","url":"https:\/\/www.dppireland.ie\/ga\/high-level-review-group-on-the-role-of-an-garda-siochana-in-public-prosecutions\/","name":"Gr\u00fapa Athbhreithnithe Ardleibh\u00e9il ar R\u00f3l an Gharda S\u00edoch\u00e1na in Ionch\u00faisimh Phoibl\u00ed - Office of the Director of Public Prosecutions","isPartOf":{"@id":"https:\/\/www.dppireland.ie\/#website"},"datePublished":"2024-02-07T16:30:22+00:00","dateModified":"2024-02-12T14:29:22+00:00","author":{"@id":"https:\/\/www.dppireland.ie\/#\/schema\/person\/806948303e1dc1cb098edbb994a5aaf0"},"description":"Office of the Director of Public Prosecutions Providing a prosecution that is independent, fair and effective","breadcrumb":{"@id":"https:\/\/www.dppireland.ie\/ga\/high-level-review-group-on-the-role-of-an-garda-siochana-in-public-prosecutions\/#breadcrumb"},"inLanguage":"ga-IE","potentialAction":[{"@type":"ReadAction","target":["https:\/\/www.dppireland.ie\/ga\/high-level-review-group-on-the-role-of-an-garda-siochana-in-public-prosecutions\/"]}]},{"@type":"BreadcrumbList","@id":"https:\/\/www.dppireland.ie\/ga\/high-level-review-group-on-the-role-of-an-garda-siochana-in-public-prosecutions\/#breadcrumb","itemListElement":[{"@type":"ListItem","position":1,"name":"Home","item":"https:\/\/www.dppireland.ie\/ga\/"},{"@type":"ListItem","position":2,"name":"Gr\u00fapa Athbhreithnithe Ardleibh\u00e9il ar R\u00f3l an Gharda S\u00edoch\u00e1na in Ionch\u00faisimh Phoibl\u00ed"}]},{"@type":"WebSite","@id":"https:\/\/www.dppireland.ie\/#website","url":"https:\/\/www.dppireland.ie\/","name":"Office of the Director of Public Prosecutions","description":"Providing a prosecution that is independent, fair and effective","potentialAction":[{"@type":"SearchAction","target":{"@type":"EntryPoint","urlTemplate":"https:\/\/www.dppireland.ie\/?s={search_term_string}"},"query-input":{"@type":"PropertyValueSpecification","valueRequired":true,"valueName":"search_term_string"}}],"inLanguage":"ga-IE"},{"@type":"Person","@id":"https:\/\/www.dppireland.ie\/#\/schema\/person\/806948303e1dc1cb098edbb994a5aaf0","name":"Orlagh Flood","image":{"@type":"ImageObject","inLanguage":"ga-IE","@id":"https:\/\/secure.gravatar.com\/avatar\/f5cba3673d96204d3abb9da5bada45ea0b350af9b453997e9a6b8172f5e42be1?s=96&d=mm&r=g","url":"https:\/\/secure.gravatar.com\/avatar\/f5cba3673d96204d3abb9da5bada45ea0b350af9b453997e9a6b8172f5e42be1?s=96&d=mm&r=g","contentUrl":"https:\/\/secure.gravatar.com\/avatar\/f5cba3673d96204d3abb9da5bada45ea0b350af9b453997e9a6b8172f5e42be1?s=96&d=mm&r=g","caption":"Orlagh Flood"}}]}},"jetpack_featured_media_url":"","jetpack_sharing_enabled":true,"_links":{"self":[{"href":"https:\/\/www.dppireland.ie\/ga\/wp-json\/wp\/v2\/posts\/22470","targetHints":{"allow":["GET"]}}],"collection":[{"href":"https:\/\/www.dppireland.ie\/ga\/wp-json\/wp\/v2\/posts"}],"about":[{"href":"https:\/\/www.dppireland.ie\/ga\/wp-json\/wp\/v2\/types\/post"}],"author":[{"embeddable":true,"href":"https:\/\/www.dppireland.ie\/ga\/wp-json\/wp\/v2\/users\/3"}],"replies":[{"embeddable":true,"href":"https:\/\/www.dppireland.ie\/ga\/wp-json\/wp\/v2\/comments?post=22470"}],"version-history":[{"count":6,"href":"https:\/\/www.dppireland.ie\/ga\/wp-json\/wp\/v2\/posts\/22470\/revisions"}],"predecessor-version":[{"id":22531,"href":"https:\/\/www.dppireland.ie\/ga\/wp-json\/wp\/v2\/posts\/22470\/revisions\/22531"}],"wp:attachment":[{"href":"https:\/\/www.dppireland.ie\/ga\/wp-json\/wp\/v2\/media?parent=22470"}],"wp:term":[{"taxonomy":"category","embeddable":true,"href":"https:\/\/www.dppireland.ie\/ga\/wp-json\/wp\/v2\/categories?post=22470"},{"taxonomy":"post_tag","embeddable":true,"href":"https:\/\/www.dppireland.ie\/ga\/wp-json\/wp\/v2\/tags?post=22470"}],"curies":[{"name":"wp","href":"https:\/\/api.w.org\/{rel}","templated":true}]}}