{"id":21097,"date":"2023-06-24T08:00:16","date_gmt":"2023-06-24T07:00:16","guid":{"rendered":"https:\/\/www.dppireland.ie\/?p=21097"},"modified":"2023-07-24T09:28:12","modified_gmt":"2023-07-24T08:28:12","slug":"chief-information-officer","status":"publish","type":"post","link":"https:\/\/www.dppireland.ie\/ga\/chief-information-officer\/","title":{"rendered":"PR\u00cdOMHOIFIGEACH FAISN\u00c9ISE (Pr\u00edomhoifigeach Ardghr\u00e1d)"},"content":{"rendered":"<p>T\u00e1 Oifig an Sti\u00farth\u00f3ra Ionch\u00faiseamh Poibl\u00ed i mbun earca\u00edochta le haghaidh Pr\u00edomhoifigigh Faisn\u00e9ise\u00a0 N\u00ed m\u00f3r d\u2019iarratas\u00f3ir\u00ed an ch\u00e1il\u00edocht theicni\u00fail\/teastais CNC a bheith acu ar an n\u00f3 roimh D\u00e9 hAoine, 14 I\u00fail 2023, chomh maith leis an taith\u00ed theicni\u00fail ghairmi\u00fail at\u00e1 sa liosta ar leathanach 7 den leabhr\u00e1n eolais. Beidh deis iontach ag an iarratas\u00f3ir rath\u00fail r\u00f3l r\u00edth\u00e1bhachtach ceannaireachta a bheith acu bainisti\u00fa a dh\u00e9anamh ar thortha\u00ed agus seachadadh ar ardchaighde\u00e1n i dtimpeallacht dh\u00fashl\u00e1nach dhinimici\u00fail.<\/p>\n<p>Beifear ag s\u00fail le cumars\u00e1id iontach \u00f3 iarratas\u00f3ir\u00ed le hardscileanna idirbhearta\u00edochta agus scileanna i bhforbairt l\u00edonra\u00ed piara\u00ed teicni\u00fala agus gn\u00f3, ceannaireacht l\u00e1idir agus taith\u00ed bainist\u00edochta, agus ceannaireacht inl\u00e9irithe a chur ar f\u00e1il maidir le hathr\u00fa digiteach \u00f3 bhonn.\u00a0 F\u00e9adfar gearrliost\u00fa a bheith i bhfeidhm.\u00a0 D\u00edch\u00e1ileofar iad a rachaidh i mbun canbh\u00e1s\u00e1la.<\/p>\n<p>Cuirfear an com\u00f3rtas i gcr\u00edch de r\u00e9ir na gc\u00f3d cleachtais at\u00e1 foilsithe ag an gCoimisi\u00fan um Cheapach\u00e1in Seirbh\u00edse Poibl\u00ed agus at\u00e1 ar f\u00e1il ag <a href=\"http:\/\/www.cpsa.ie\/\">http:\/\/www.cpsa.ie\/<\/a><\/p>\n<p>Chun tuilleadh eolais a fh\u00e1il agus chun iarratas a dh\u00e9anamh, f\u00e9ach le do thoil <a href=\"https:\/\/www.dppireland.ie\/app\/uploads\/2023\/06\/2023-Information-Booklet-ICT-PO1-Irish-Version.pdf\"><strong>Leabhr\u00e1n Faisn\u00e9ise<\/strong><\/a><\/p>\n<p>Ba cheart d\u2019iarratas\u00f3ir\u00ed <a href=\"https:\/\/www.dppireland.ie\/app\/uploads\/2023\/06\/Application-Form-for-Chief-Information-Officer-Irish-Version.docx\"><strong>Foirm Iarratais<\/strong><\/a> chomhl\u00e1naithe a chur ar aghaidh go leictreonach chuig: <a href=\"mailto:recruitment@dppireland.ie\">recruitment@dppireland.ie<\/a> le teacht roimh 3:30pm D\u00e9 hAoine 14 I\u00fail 2023.<\/p>\n<p>T\u00e1 faisn\u00e9is faoi Oifig an Sti\u00farth\u00f3ra Ionch\u00faiseamh Poibl\u00ed ar f\u00e1il ar <a href=\"http:\/\/www.dppireland.ie\">www.dppireland.ie<\/a>.<\/p>\n<p><em>T\u00e1 Oifig an Sti\u00farth\u00f3ra Ionch\u00faiseamh Poibl\u00ed tiomanta do bheartas comhdheiseanna.<\/em><\/p>\n<p><em>Cuirfear f\u00e1ilte roimh chomhfhreagras I nGaelige<\/em><\/p>\n","protected":false},"excerpt":{"rendered":"<p>T\u00e1 Oifig an Sti\u00farth\u00f3ra Ionch\u00faiseamh Poibl\u00ed i mbun earca\u00edochta le haghaidh Pr\u00edomhoifigigh Faisn\u00e9ise\u00a0 N\u00ed m\u00f3r d\u2019iarratas\u00f3ir\u00ed an ch\u00e1il\u00edocht theicni\u00fail\/teastais CNC a bheith acu ar an n\u00f3 roimh D\u00e9 hAoine, 14 I\u00fail 2023, chomh maith leis an taith\u00ed theicni\u00fail ghairmi\u00fail at\u00e1 sa liosta ar leathanach 7 den leabhr\u00e1n eolais. Beidh deis iontach ag an iarratas\u00f3ir rath\u00fail &hellip; <a href=\"https:\/\/www.dppireland.ie\/ga\/chief-information-officer\/\">Continued<\/a><\/p>\n","protected":false},"author":4,"featured_media":0,"comment_status":"closed","ping_status":"closed","sticky":false,"template":"","format":"standard","meta":{"_acf_changed":false,"om_disable_all_campaigns":false,"_relevanssi_hide_post":"","_relevanssi_hide_content":"","_relevanssi_pin_for_all":"","_relevanssi_pin_keywords":"","_relevanssi_unpin_keywords":"","_relevanssi_related_keywords":"","_relevanssi_related_include_ids":"","_relevanssi_related_exclude_ids":"","_relevanssi_related_no_append":"","_relevanssi_related_not_related":"","_relevanssi_related_posts":"","_relevanssi_noindex_reason":"","_monsterinsights_skip_tracking":false,"_monsterinsights_sitenote_active":false,"_monsterinsights_sitenote_note":"","_monsterinsights_sitenote_category":0,"_uf_show_specific_survey":0,"_uf_disable_surveys":false,"_jetpack_memberships_contains_paid_content":false,"footnotes":""},"categories":[44],"tags":[],"class_list":["post-21097","post","type-post","status-publish","format-standard","hentry","category-uncategorized-ga"],"acf":[],"yoast_head":"<!-- This site is optimized with the Yoast SEO plugin v27.5 - https:\/\/yoast.com\/product\/yoast-seo-wordpress\/ -->\n<title>PR\u00cdOMHOIFIGEACH FAISN\u00c9ISE (Pr\u00edomhoifigeach Ardghr\u00e1d) - Office of the Director of Public Prosecutions<\/title>\n<meta name=\"description\" content=\"Office of the Director of Public Prosecutions Providing a prosecution that is independent, fair and effective\" \/>\n<meta name=\"robots\" content=\"index, follow, max-snippet:-1, max-image-preview:large, max-video-preview:-1\" \/>\n<link rel=\"canonical\" href=\"https:\/\/www.dppireland.ie\/ga\/chief-information-officer\/\" \/>\n<meta property=\"og:locale\" content=\"ga_IE\" \/>\n<meta property=\"og:type\" content=\"article\" \/>\n<meta property=\"og:title\" content=\"PR\u00cdOMHOIFIGEACH FAISN\u00c9ISE (Pr\u00edomhoifigeach Ardghr\u00e1d)\" \/>\n<meta property=\"og:description\" content=\"T\u00e1 Oifig an Sti\u00farth\u00f3ra Ionch\u00faiseamh Poibl\u00ed i mbun earca\u00edochta le haghaidh Pr\u00edomhoifigigh Faisn\u00e9ise\" \/>\n<meta property=\"og:url\" content=\"https:\/\/www.dppireland.ie\/ga\/chief-information-officer\/\" \/>\n<meta property=\"og:site_name\" content=\"Office of the Director of Public Prosecutions\" \/>\n<meta property=\"article:published_time\" content=\"2023-06-24T07:00:16+00:00\" \/>\n<meta property=\"article:modified_time\" content=\"2023-07-24T08:28:12+00:00\" \/>\n<meta property=\"og:image\" content=\"https:\/\/www.dppireland.ie\/app\/uploads\/2023\/06\/2023-Information-Booklet-ICT-PO1-Irish-Version-pdf-image.jpg\" \/>\n\t<meta property=\"og:image:width\" content=\"612\" \/>\n\t<meta property=\"og:image:height\" content=\"792\" \/>\n\t<meta property=\"og:image:type\" content=\"image\/jpeg\" \/>\n<meta name=\"author\" content=\"Kevin Graham\" \/>\n<meta name=\"twitter:card\" content=\"summary_large_image\" \/>\n<meta name=\"twitter:title\" content=\"PR\u00cdOMHOIFIGEACH FAISN\u00c9ISE (Pr\u00edomhoifigeach Ardghr\u00e1d)\" \/>\n<meta name=\"twitter:description\" content=\"T\u00e1 Oifig an Sti\u00farth\u00f3ra Ionch\u00faiseamh Poibl\u00ed i mbun earca\u00edochta le haghaidh Pr\u00edomhoifigigh Faisn\u00e9ise\" \/>\n<meta name=\"twitter:image\" content=\"https:\/\/www.dppireland.ie\/app\/uploads\/2023\/06\/2023-Information-Booklet-ICT-PO1-Irish-Version-pdf-image.jpg\" \/>\n<meta name=\"twitter:label1\" content=\"Written by\" \/>\n\t<meta name=\"twitter:data1\" content=\"Kevin Graham\" \/>\n\t<meta name=\"twitter:label2\" content=\"Est. reading time\" \/>\n\t<meta name=\"twitter:data2\" content=\"1 minute\" \/>\n<script type=\"application\/ld+json\" class=\"yoast-schema-graph\">{\"@context\":\"https:\\\/\\\/schema.org\",\"@graph\":[{\"@type\":\"Article\",\"@id\":\"https:\\\/\\\/www.dppireland.ie\\\/ga\\\/chief-information-officer\\\/#article\",\"isPartOf\":{\"@id\":\"https:\\\/\\\/www.dppireland.ie\\\/ga\\\/chief-information-officer\\\/\"},\"author\":{\"name\":\"Kevin Graham\",\"@id\":\"https:\\\/\\\/www.dppireland.ie\\\/#\\\/schema\\\/person\\\/61e84e7b3a0f4d9d73daa242a128555c\"},\"headline\":\"PR\u00cdOMHOIFIGEACH FAISN\u00c9ISE (Pr\u00edomhoifigeach Ardghr\u00e1d)\",\"datePublished\":\"2023-06-24T07:00:16+00:00\",\"dateModified\":\"2023-07-24T08:28:12+00:00\",\"mainEntityOfPage\":{\"@id\":\"https:\\\/\\\/www.dppireland.ie\\\/ga\\\/chief-information-officer\\\/\"},\"wordCount\":293,\"articleSection\":[\"Uncategorized @ga\"],\"inLanguage\":\"ga-IE\"},{\"@type\":\"WebPage\",\"@id\":\"https:\\\/\\\/www.dppireland.ie\\\/ga\\\/chief-information-officer\\\/\",\"url\":\"https:\\\/\\\/www.dppireland.ie\\\/ga\\\/chief-information-officer\\\/\",\"name\":\"PR\u00cdOMHOIFIGEACH FAISN\u00c9ISE (Pr\u00edomhoifigeach Ardghr\u00e1d) - Office of the Director of Public Prosecutions\",\"isPartOf\":{\"@id\":\"https:\\\/\\\/www.dppireland.ie\\\/#website\"},\"datePublished\":\"2023-06-24T07:00:16+00:00\",\"dateModified\":\"2023-07-24T08:28:12+00:00\",\"author\":{\"@id\":\"https:\\\/\\\/www.dppireland.ie\\\/#\\\/schema\\\/person\\\/61e84e7b3a0f4d9d73daa242a128555c\"},\"description\":\"Office of the Director of Public Prosecutions Providing a prosecution that is independent, fair and effective\",\"breadcrumb\":{\"@id\":\"https:\\\/\\\/www.dppireland.ie\\\/ga\\\/chief-information-officer\\\/#breadcrumb\"},\"inLanguage\":\"ga-IE\",\"potentialAction\":[{\"@type\":\"ReadAction\",\"target\":[\"https:\\\/\\\/www.dppireland.ie\\\/ga\\\/chief-information-officer\\\/\"]}]},{\"@type\":\"BreadcrumbList\",\"@id\":\"https:\\\/\\\/www.dppireland.ie\\\/ga\\\/chief-information-officer\\\/#breadcrumb\",\"itemListElement\":[{\"@type\":\"ListItem\",\"position\":1,\"name\":\"Home\",\"item\":\"https:\\\/\\\/www.dppireland.ie\\\/ga\\\/\"},{\"@type\":\"ListItem\",\"position\":2,\"name\":\"PR\u00cdOMHOIFIGEACH FAISN\u00c9ISE (Pr\u00edomhoifigeach Ardghr\u00e1d)\"}]},{\"@type\":\"WebSite\",\"@id\":\"https:\\\/\\\/www.dppireland.ie\\\/#website\",\"url\":\"https:\\\/\\\/www.dppireland.ie\\\/\",\"name\":\"Office of the Director of Public Prosecutions\",\"description\":\"Providing a prosecution that is independent, fair and effective\",\"potentialAction\":[{\"@type\":\"SearchAction\",\"target\":{\"@type\":\"EntryPoint\",\"urlTemplate\":\"https:\\\/\\\/www.dppireland.ie\\\/?s={search_term_string}\"},\"query-input\":{\"@type\":\"PropertyValueSpecification\",\"valueRequired\":true,\"valueName\":\"search_term_string\"}}],\"inLanguage\":\"ga-IE\"},{\"@type\":\"Person\",\"@id\":\"https:\\\/\\\/www.dppireland.ie\\\/#\\\/schema\\\/person\\\/61e84e7b3a0f4d9d73daa242a128555c\",\"name\":\"Kevin Graham\",\"image\":{\"@type\":\"ImageObject\",\"inLanguage\":\"ga-IE\",\"@id\":\"https:\\\/\\\/secure.gravatar.com\\\/avatar\\\/8f86ac6aa3b78a6db186b4ab223060f02ab7747a13be021f1840ab3c724fd749?s=96&d=mm&r=g\",\"url\":\"https:\\\/\\\/secure.gravatar.com\\\/avatar\\\/8f86ac6aa3b78a6db186b4ab223060f02ab7747a13be021f1840ab3c724fd749?s=96&d=mm&r=g\",\"contentUrl\":\"https:\\\/\\\/secure.gravatar.com\\\/avatar\\\/8f86ac6aa3b78a6db186b4ab223060f02ab7747a13be021f1840ab3c724fd749?s=96&d=mm&r=g\",\"caption\":\"Kevin Graham\"}}]}<\/script>\n<!-- \/ Yoast SEO plugin. -->","yoast_head_json":{"title":"PR\u00cdOMHOIFIGEACH FAISN\u00c9ISE (Pr\u00edomhoifigeach Ardghr\u00e1d) - Office of the Director of Public Prosecutions","description":"Office of the Director of Public Prosecutions Providing a prosecution that is independent, fair and effective","robots":{"index":"index","follow":"follow","max-snippet":"max-snippet:-1","max-image-preview":"max-image-preview:large","max-video-preview":"max-video-preview:-1"},"canonical":"https:\/\/www.dppireland.ie\/ga\/chief-information-officer\/","og_locale":"ga_IE","og_type":"article","og_title":"PR\u00cdOMHOIFIGEACH FAISN\u00c9ISE (Pr\u00edomhoifigeach Ardghr\u00e1d)","og_description":"T\u00e1 Oifig an Sti\u00farth\u00f3ra Ionch\u00faiseamh Poibl\u00ed i mbun earca\u00edochta le haghaidh Pr\u00edomhoifigigh Faisn\u00e9ise","og_url":"https:\/\/www.dppireland.ie\/ga\/chief-information-officer\/","og_site_name":"Office of the Director of Public Prosecutions","article_published_time":"2023-06-24T07:00:16+00:00","article_modified_time":"2023-07-24T08:28:12+00:00","og_image":[{"width":612,"height":792,"url":"https:\/\/www.dppireland.ie\/app\/uploads\/2023\/06\/2023-Information-Booklet-ICT-PO1-Irish-Version-pdf-image.jpg","type":"image\/jpeg"}],"author":"Kevin Graham","twitter_card":"summary_large_image","twitter_title":"PR\u00cdOMHOIFIGEACH FAISN\u00c9ISE (Pr\u00edomhoifigeach Ardghr\u00e1d)","twitter_description":"T\u00e1 Oifig an Sti\u00farth\u00f3ra Ionch\u00faiseamh Poibl\u00ed i mbun earca\u00edochta le haghaidh Pr\u00edomhoifigigh Faisn\u00e9ise","twitter_image":"https:\/\/www.dppireland.ie\/app\/uploads\/2023\/06\/2023-Information-Booklet-ICT-PO1-Irish-Version-pdf-image.jpg","twitter_misc":{"Written by":"Kevin Graham","Est. reading time":"1 minute"},"schema":{"@context":"https:\/\/schema.org","@graph":[{"@type":"Article","@id":"https:\/\/www.dppireland.ie\/ga\/chief-information-officer\/#article","isPartOf":{"@id":"https:\/\/www.dppireland.ie\/ga\/chief-information-officer\/"},"author":{"name":"Kevin Graham","@id":"https:\/\/www.dppireland.ie\/#\/schema\/person\/61e84e7b3a0f4d9d73daa242a128555c"},"headline":"PR\u00cdOMHOIFIGEACH FAISN\u00c9ISE (Pr\u00edomhoifigeach Ardghr\u00e1d)","datePublished":"2023-06-24T07:00:16+00:00","dateModified":"2023-07-24T08:28:12+00:00","mainEntityOfPage":{"@id":"https:\/\/www.dppireland.ie\/ga\/chief-information-officer\/"},"wordCount":293,"articleSection":["Uncategorized @ga"],"inLanguage":"ga-IE"},{"@type":"WebPage","@id":"https:\/\/www.dppireland.ie\/ga\/chief-information-officer\/","url":"https:\/\/www.dppireland.ie\/ga\/chief-information-officer\/","name":"PR\u00cdOMHOIFIGEACH FAISN\u00c9ISE (Pr\u00edomhoifigeach Ardghr\u00e1d) - Office of the Director of Public Prosecutions","isPartOf":{"@id":"https:\/\/www.dppireland.ie\/#website"},"datePublished":"2023-06-24T07:00:16+00:00","dateModified":"2023-07-24T08:28:12+00:00","author":{"@id":"https:\/\/www.dppireland.ie\/#\/schema\/person\/61e84e7b3a0f4d9d73daa242a128555c"},"description":"Office of the Director of Public Prosecutions Providing a prosecution that is independent, fair and effective","breadcrumb":{"@id":"https:\/\/www.dppireland.ie\/ga\/chief-information-officer\/#breadcrumb"},"inLanguage":"ga-IE","potentialAction":[{"@type":"ReadAction","target":["https:\/\/www.dppireland.ie\/ga\/chief-information-officer\/"]}]},{"@type":"BreadcrumbList","@id":"https:\/\/www.dppireland.ie\/ga\/chief-information-officer\/#breadcrumb","itemListElement":[{"@type":"ListItem","position":1,"name":"Home","item":"https:\/\/www.dppireland.ie\/ga\/"},{"@type":"ListItem","position":2,"name":"PR\u00cdOMHOIFIGEACH FAISN\u00c9ISE (Pr\u00edomhoifigeach Ardghr\u00e1d)"}]},{"@type":"WebSite","@id":"https:\/\/www.dppireland.ie\/#website","url":"https:\/\/www.dppireland.ie\/","name":"Office of the Director of Public Prosecutions","description":"Providing a prosecution that is independent, fair and effective","potentialAction":[{"@type":"SearchAction","target":{"@type":"EntryPoint","urlTemplate":"https:\/\/www.dppireland.ie\/?s={search_term_string}"},"query-input":{"@type":"PropertyValueSpecification","valueRequired":true,"valueName":"search_term_string"}}],"inLanguage":"ga-IE"},{"@type":"Person","@id":"https:\/\/www.dppireland.ie\/#\/schema\/person\/61e84e7b3a0f4d9d73daa242a128555c","name":"Kevin Graham","image":{"@type":"ImageObject","inLanguage":"ga-IE","@id":"https:\/\/secure.gravatar.com\/avatar\/8f86ac6aa3b78a6db186b4ab223060f02ab7747a13be021f1840ab3c724fd749?s=96&d=mm&r=g","url":"https:\/\/secure.gravatar.com\/avatar\/8f86ac6aa3b78a6db186b4ab223060f02ab7747a13be021f1840ab3c724fd749?s=96&d=mm&r=g","contentUrl":"https:\/\/secure.gravatar.com\/avatar\/8f86ac6aa3b78a6db186b4ab223060f02ab7747a13be021f1840ab3c724fd749?s=96&d=mm&r=g","caption":"Kevin Graham"}}]}},"jetpack_featured_media_url":"","jetpack_sharing_enabled":true,"_links":{"self":[{"href":"https:\/\/www.dppireland.ie\/ga\/wp-json\/wp\/v2\/posts\/21097","targetHints":{"allow":["GET"]}}],"collection":[{"href":"https:\/\/www.dppireland.ie\/ga\/wp-json\/wp\/v2\/posts"}],"about":[{"href":"https:\/\/www.dppireland.ie\/ga\/wp-json\/wp\/v2\/types\/post"}],"author":[{"embeddable":true,"href":"https:\/\/www.dppireland.ie\/ga\/wp-json\/wp\/v2\/users\/4"}],"replies":[{"embeddable":true,"href":"https:\/\/www.dppireland.ie\/ga\/wp-json\/wp\/v2\/comments?post=21097"}],"version-history":[{"count":2,"href":"https:\/\/www.dppireland.ie\/ga\/wp-json\/wp\/v2\/posts\/21097\/revisions"}],"predecessor-version":[{"id":21155,"href":"https:\/\/www.dppireland.ie\/ga\/wp-json\/wp\/v2\/posts\/21097\/revisions\/21155"}],"wp:attachment":[{"href":"https:\/\/www.dppireland.ie\/ga\/wp-json\/wp\/v2\/media?parent=21097"}],"wp:term":[{"taxonomy":"category","embeddable":true,"href":"https:\/\/www.dppireland.ie\/ga\/wp-json\/wp\/v2\/categories?post=21097"},{"taxonomy":"post_tag","embeddable":true,"href":"https:\/\/www.dppireland.ie\/ga\/wp-json\/wp\/v2\/tags?post=21097"}],"curies":[{"name":"wp","href":"https:\/\/api.w.org\/{rel}","templated":true}]}}