{"id":15156,"date":"2022-09-02T23:59:31","date_gmt":"2022-09-02T22:59:31","guid":{"rendered":"https:\/\/www.dppireland.ie\/?p=15156"},"modified":"2022-09-03T18:04:32","modified_gmt":"2022-09-03T17:04:32","slug":"prosecutors","status":"publish","type":"post","link":"https:\/\/www.dppireland.ie\/ga\/prosecutors\/","title":{"rendered":"IONCH\u00daISITHEOIR\u00cd"},"content":{"rendered":"<div class=\"wpb-content-wrapper\"><p>[vc_row][vc_column][vc_column_text]T\u00e1 Ionch\u00faisitheoir\u00ed \u00e1 n-earc\u00fa ag Oifig an Sti\u00farth\u00f3ra Ionch\u00faiseamh Poibl\u00ed.&nbsp; N\u00ed m\u00f3r d\u2019iarratas\u00f3ir\u00ed rath\u00fala, an 2 I\u00fail 2021 n\u00f3 roimhe, a bheith cl\u00e1raithe mar Aturnae sa St\u00e1t &#038;ZeroWidthSpace;<u>&#038;ZeroWidthSpace;n\u00f3&#038;ZeroWidthSpace;<\/u>&#038;ZeroWidthSpace; glaoite chun an Bharra.&nbsp; N\u00ed m\u00f3r go mbeadh eolas agus tuiscint mhionsonraithe ag iarrth\u00f3ir\u00ed ar an dl\u00ed coiri\u00fail, go h\u00e1irithe maidir leis na saincheisteanna dl\u00ed a mb\u00edonn tionchar acu ar chomhl\u00edonadh na feidhme ionch\u00faisimh.&nbsp; Beifear ag s\u00fail freisin go dtaispe\u00e1nfaidh iarrth\u00f3ir\u00ed scileanna maithe cumars\u00e1ide, an cumas oibri\u00fa go neamhsple\u00e1ch agus i dtimpeallacht foirne, agus an cumas ualach c\u00e1sanna dl\u00edthi\u00fail a eagr\u00fa, a chur in ord tosa\u00edochta agus a bhainisti\u00fa.<\/p>\n<p>D\u2019fh\u00e9adfadh gearrliost\u00fa a bheith infheidhme.&nbsp; D\u00edch\u00e1ileofar iarratas\u00f3ir\u00ed m\u00e1 dh\u00e9anann siad canbh\u00e1s\u00e1il.<\/p>\n<p>Cuirfear an com\u00f3rtas chun feidhme ar aon dul leis na c\u00f3id chleachtais arna bhfoilsi\u00fa ag an gCoimisi\u00fan um Cheapach\u00e1in Seirbh\u00edse Poibl\u00ed at\u00e1 ar f\u00e1il ag <a href=&quot;https:\/\/www.cpsa.ie\/&quot;>www.cpsa.ie\/<\/a><\/p>\n<p>Chun teacht ar bhreis faisn\u00e9ise, f\u00e9ach <a href=&quot;https:\/\/www.dppireland.ie\/app\/uploads\/2021\/06\/Prosecutor-June2021-Information-Booklet-irl.pdf&quot;><strong>Leabhr\u00e1n Faisn\u00e9ise<\/strong><\/a>.<\/p>\n<p>Ba ch\u00f3ir d\u2019iarratas\u00f3ir\u00ed <a href=&quot;https:\/\/www.dppireland.ie\/app\/uploads\/2021\/06\/Prosecutor-June2021-Application-Form-irl.docx&quot;><strong>Foirm Iarratais <\/strong><\/a>chomhl\u00e1naithe a chur ar aghaidh go leictreonach chuig: <a href=&quot;mailto:HR.mailbox@dppireland.ie&quot;>HR.mailbox@dppireland.ie<\/a> le teacht roimh <strong>3:30 p.m. D\u00e9 hAoine an 2 I\u00fail 2021&#038;ZeroWidthSpace;.<\/strong><\/p>\n<p>T\u00e1 faisn\u00e9is faoi Oifig an Sti\u00farth\u00f3ra Ionch\u00faiseamh Poibl\u00ed ar f\u00e1il ar <a href=&quot;https:\/\/www.dppireland.ie\/ga&quot;>www.dppireland.ie<\/a>.[\/vc_column_text][\/vc_column][\/vc_row]<\/p>\n<\/div>","protected":false},"excerpt":{"rendered":"<p>[vc_row][vc_column][vc_column_text]T\u00e1 Ionch\u00faisitheoir\u00ed \u00e1 n-earc\u00fa ag Oifig an Sti\u00farth\u00f3ra Ionch\u00faiseamh Poibl\u00ed.&nbsp; N\u00ed m\u00f3r d\u2019iarratas\u00f3ir\u00ed rath\u00fala, an 2 I\u00fail 2021 n\u00f3 roimhe, a bheith cl\u00e1raithe mar Aturnae sa St\u00e1t &#038;ZeroWidthSpace;&#038;ZeroWidthSpace;n\u00f3&#038;ZeroWidthSpace;&#038;ZeroWidthSpace; glaoite chun an Bharra.&nbsp; N\u00ed m\u00f3r go mbeadh eolas agus tuiscint mhionsonraithe ag iarrth\u00f3ir\u00ed ar an dl\u00ed coiri\u00fail, go h\u00e1irithe maidir leis na saincheisteanna dl\u00ed a mb\u00edonn &hellip; <a href=\"https:\/\/www.dppireland.ie\/ga\/prosecutors\/\">Continued<\/a><\/p>\n","protected":false},"author":10,"featured_media":0,"comment_status":"closed","ping_status":"closed","sticky":false,"template":"","format":"standard","meta":{"_acf_changed":false,"om_disable_all_campaigns":false,"_relevanssi_hide_post":"","_relevanssi_hide_content":"","_relevanssi_pin_for_all":"","_relevanssi_pin_keywords":"","_relevanssi_unpin_keywords":"","_relevanssi_related_keywords":"","_relevanssi_related_include_ids":"","_relevanssi_related_exclude_ids":"","_relevanssi_related_no_append":"","_relevanssi_related_not_related":"","_relevanssi_related_posts":"","_relevanssi_noindex_reason":"","_monsterinsights_skip_tracking":false,"_monsterinsights_sitenote_active":false,"_monsterinsights_sitenote_note":"","_monsterinsights_sitenote_category":0,"_uf_show_specific_survey":0,"_uf_disable_surveys":false,"_jetpack_memberships_contains_paid_content":false,"footnotes":""},"categories":[102],"tags":[],"class_list":["post-15156","post","type-post","status-publish","format-standard","hentry","category-nuacht"],"acf":[],"yoast_head":"<!-- This site is optimized with the Yoast SEO plugin v27.5 - https:\/\/yoast.com\/product\/yoast-seo-wordpress\/ -->\n<title>IONCH\u00daISITHEOIR\u00cd - Office of the Director of Public Prosecutions<\/title>\n<meta name=\"description\" content=\"Office of the Director of Public Prosecutions Providing a prosecution that is independent, fair and effective\" \/>\n<meta name=\"robots\" content=\"index, follow, max-snippet:-1, max-image-preview:large, max-video-preview:-1\" \/>\n<link rel=\"canonical\" href=\"https:\/\/www.dppireland.ie\/ga\/prosecutors\/\" \/>\n<meta property=\"og:locale\" content=\"ga_IE\" \/>\n<meta property=\"og:type\" content=\"article\" \/>\n<meta property=\"og:title\" content=\"IONCH\u00daISITHEOIR\u00cd - Office of the Director of Public Prosecutions\" \/>\n<meta property=\"og:description\" content=\"Office of the Director of Public Prosecutions Providing a prosecution that is independent, fair and effective\" \/>\n<meta property=\"og:url\" content=\"https:\/\/www.dppireland.ie\/ga\/prosecutors\/\" \/>\n<meta property=\"og:site_name\" content=\"Office of the Director of Public Prosecutions\" \/>\n<meta property=\"article:published_time\" content=\"2022-09-02T22:59:31+00:00\" \/>\n<meta property=\"article:modified_time\" content=\"2022-09-03T17:04:32+00:00\" \/>\n<meta name=\"author\" content=\"Padraig\" \/>\n<meta name=\"twitter:card\" content=\"summary_large_image\" \/>\n<meta name=\"twitter:label1\" content=\"Written by\" \/>\n\t<meta name=\"twitter:data1\" content=\"Padraig\" \/>\n<script type=\"application\/ld+json\" class=\"yoast-schema-graph\">{\"@context\":\"https:\\\/\\\/schema.org\",\"@graph\":[{\"@type\":\"Article\",\"@id\":\"https:\\\/\\\/www.dppireland.ie\\\/ga\\\/prosecutors\\\/#article\",\"isPartOf\":{\"@id\":\"https:\\\/\\\/www.dppireland.ie\\\/ga\\\/prosecutors\\\/\"},\"author\":{\"name\":\"Padraig\",\"@id\":\"https:\\\/\\\/www.dppireland.ie\\\/#\\\/schema\\\/person\\\/7e5445e1dce09f1fba37dbbd2eda62c3\"},\"headline\":\"IONCH\u00daISITHEOIR\u00cd\",\"datePublished\":\"2022-09-02T22:59:31+00:00\",\"dateModified\":\"2022-09-03T17:04:32+00:00\",\"mainEntityOfPage\":{\"@id\":\"https:\\\/\\\/www.dppireland.ie\\\/ga\\\/prosecutors\\\/\"},\"wordCount\":261,\"articleSection\":[\"Nuacht\"],\"inLanguage\":\"ga-IE\"},{\"@type\":\"WebPage\",\"@id\":\"https:\\\/\\\/www.dppireland.ie\\\/ga\\\/prosecutors\\\/\",\"url\":\"https:\\\/\\\/www.dppireland.ie\\\/ga\\\/prosecutors\\\/\",\"name\":\"IONCH\u00daISITHEOIR\u00cd - Office of the Director of Public Prosecutions\",\"isPartOf\":{\"@id\":\"https:\\\/\\\/www.dppireland.ie\\\/#website\"},\"datePublished\":\"2022-09-02T22:59:31+00:00\",\"dateModified\":\"2022-09-03T17:04:32+00:00\",\"author\":{\"@id\":\"https:\\\/\\\/www.dppireland.ie\\\/#\\\/schema\\\/person\\\/7e5445e1dce09f1fba37dbbd2eda62c3\"},\"description\":\"Office of the Director of Public Prosecutions Providing a prosecution that is independent, fair and effective\",\"breadcrumb\":{\"@id\":\"https:\\\/\\\/www.dppireland.ie\\\/ga\\\/prosecutors\\\/#breadcrumb\"},\"inLanguage\":\"ga-IE\",\"potentialAction\":[{\"@type\":\"ReadAction\",\"target\":[\"https:\\\/\\\/www.dppireland.ie\\\/ga\\\/prosecutors\\\/\"]}]},{\"@type\":\"BreadcrumbList\",\"@id\":\"https:\\\/\\\/www.dppireland.ie\\\/ga\\\/prosecutors\\\/#breadcrumb\",\"itemListElement\":[{\"@type\":\"ListItem\",\"position\":1,\"name\":\"Home\",\"item\":\"https:\\\/\\\/www.dppireland.ie\\\/ga\\\/\"},{\"@type\":\"ListItem\",\"position\":2,\"name\":\"IONCH\u00daISITHEOIR\u00cd\"}]},{\"@type\":\"WebSite\",\"@id\":\"https:\\\/\\\/www.dppireland.ie\\\/#website\",\"url\":\"https:\\\/\\\/www.dppireland.ie\\\/\",\"name\":\"Office of the Director of Public Prosecutions\",\"description\":\"Providing a prosecution that is independent, fair and effective\",\"potentialAction\":[{\"@type\":\"SearchAction\",\"target\":{\"@type\":\"EntryPoint\",\"urlTemplate\":\"https:\\\/\\\/www.dppireland.ie\\\/?s={search_term_string}\"},\"query-input\":{\"@type\":\"PropertyValueSpecification\",\"valueRequired\":true,\"valueName\":\"search_term_string\"}}],\"inLanguage\":\"ga-IE\"},{\"@type\":\"Person\",\"@id\":\"https:\\\/\\\/www.dppireland.ie\\\/#\\\/schema\\\/person\\\/7e5445e1dce09f1fba37dbbd2eda62c3\",\"name\":\"Padraig\",\"image\":{\"@type\":\"ImageObject\",\"inLanguage\":\"ga-IE\",\"@id\":\"https:\\\/\\\/secure.gravatar.com\\\/avatar\\\/95919b15397c5874edbfcd2956fd11ba92f0c1ea67df40f470e6f664c488e1f6?s=96&d=mm&r=g\",\"url\":\"https:\\\/\\\/secure.gravatar.com\\\/avatar\\\/95919b15397c5874edbfcd2956fd11ba92f0c1ea67df40f470e6f664c488e1f6?s=96&d=mm&r=g\",\"contentUrl\":\"https:\\\/\\\/secure.gravatar.com\\\/avatar\\\/95919b15397c5874edbfcd2956fd11ba92f0c1ea67df40f470e6f664c488e1f6?s=96&d=mm&r=g\",\"caption\":\"Padraig\"}}]}<\/script>\n<!-- \/ Yoast SEO plugin. -->","yoast_head_json":{"title":"IONCH\u00daISITHEOIR\u00cd - Office of the Director of Public Prosecutions","description":"Office of the Director of Public Prosecutions Providing a prosecution that is independent, fair and effective","robots":{"index":"index","follow":"follow","max-snippet":"max-snippet:-1","max-image-preview":"max-image-preview:large","max-video-preview":"max-video-preview:-1"},"canonical":"https:\/\/www.dppireland.ie\/ga\/prosecutors\/","og_locale":"ga_IE","og_type":"article","og_title":"IONCH\u00daISITHEOIR\u00cd - Office of the Director of Public Prosecutions","og_description":"Office of the Director of Public Prosecutions Providing a prosecution that is independent, fair and effective","og_url":"https:\/\/www.dppireland.ie\/ga\/prosecutors\/","og_site_name":"Office of the Director of Public Prosecutions","article_published_time":"2022-09-02T22:59:31+00:00","article_modified_time":"2022-09-03T17:04:32+00:00","author":"Padraig","twitter_card":"summary_large_image","twitter_misc":{"Written by":"Padraig"},"schema":{"@context":"https:\/\/schema.org","@graph":[{"@type":"Article","@id":"https:\/\/www.dppireland.ie\/ga\/prosecutors\/#article","isPartOf":{"@id":"https:\/\/www.dppireland.ie\/ga\/prosecutors\/"},"author":{"name":"Padraig","@id":"https:\/\/www.dppireland.ie\/#\/schema\/person\/7e5445e1dce09f1fba37dbbd2eda62c3"},"headline":"IONCH\u00daISITHEOIR\u00cd","datePublished":"2022-09-02T22:59:31+00:00","dateModified":"2022-09-03T17:04:32+00:00","mainEntityOfPage":{"@id":"https:\/\/www.dppireland.ie\/ga\/prosecutors\/"},"wordCount":261,"articleSection":["Nuacht"],"inLanguage":"ga-IE"},{"@type":"WebPage","@id":"https:\/\/www.dppireland.ie\/ga\/prosecutors\/","url":"https:\/\/www.dppireland.ie\/ga\/prosecutors\/","name":"IONCH\u00daISITHEOIR\u00cd - Office of the Director of Public Prosecutions","isPartOf":{"@id":"https:\/\/www.dppireland.ie\/#website"},"datePublished":"2022-09-02T22:59:31+00:00","dateModified":"2022-09-03T17:04:32+00:00","author":{"@id":"https:\/\/www.dppireland.ie\/#\/schema\/person\/7e5445e1dce09f1fba37dbbd2eda62c3"},"description":"Office of the Director of Public Prosecutions Providing a prosecution that is independent, fair and effective","breadcrumb":{"@id":"https:\/\/www.dppireland.ie\/ga\/prosecutors\/#breadcrumb"},"inLanguage":"ga-IE","potentialAction":[{"@type":"ReadAction","target":["https:\/\/www.dppireland.ie\/ga\/prosecutors\/"]}]},{"@type":"BreadcrumbList","@id":"https:\/\/www.dppireland.ie\/ga\/prosecutors\/#breadcrumb","itemListElement":[{"@type":"ListItem","position":1,"name":"Home","item":"https:\/\/www.dppireland.ie\/ga\/"},{"@type":"ListItem","position":2,"name":"IONCH\u00daISITHEOIR\u00cd"}]},{"@type":"WebSite","@id":"https:\/\/www.dppireland.ie\/#website","url":"https:\/\/www.dppireland.ie\/","name":"Office of the Director of Public Prosecutions","description":"Providing a prosecution that is independent, fair and effective","potentialAction":[{"@type":"SearchAction","target":{"@type":"EntryPoint","urlTemplate":"https:\/\/www.dppireland.ie\/?s={search_term_string}"},"query-input":{"@type":"PropertyValueSpecification","valueRequired":true,"valueName":"search_term_string"}}],"inLanguage":"ga-IE"},{"@type":"Person","@id":"https:\/\/www.dppireland.ie\/#\/schema\/person\/7e5445e1dce09f1fba37dbbd2eda62c3","name":"Padraig","image":{"@type":"ImageObject","inLanguage":"ga-IE","@id":"https:\/\/secure.gravatar.com\/avatar\/95919b15397c5874edbfcd2956fd11ba92f0c1ea67df40f470e6f664c488e1f6?s=96&d=mm&r=g","url":"https:\/\/secure.gravatar.com\/avatar\/95919b15397c5874edbfcd2956fd11ba92f0c1ea67df40f470e6f664c488e1f6?s=96&d=mm&r=g","contentUrl":"https:\/\/secure.gravatar.com\/avatar\/95919b15397c5874edbfcd2956fd11ba92f0c1ea67df40f470e6f664c488e1f6?s=96&d=mm&r=g","caption":"Padraig"}}]}},"jetpack_featured_media_url":"","jetpack_sharing_enabled":true,"_links":{"self":[{"href":"https:\/\/www.dppireland.ie\/ga\/wp-json\/wp\/v2\/posts\/15156","targetHints":{"allow":["GET"]}}],"collection":[{"href":"https:\/\/www.dppireland.ie\/ga\/wp-json\/wp\/v2\/posts"}],"about":[{"href":"https:\/\/www.dppireland.ie\/ga\/wp-json\/wp\/v2\/types\/post"}],"author":[{"embeddable":true,"href":"https:\/\/www.dppireland.ie\/ga\/wp-json\/wp\/v2\/users\/10"}],"replies":[{"embeddable":true,"href":"https:\/\/www.dppireland.ie\/ga\/wp-json\/wp\/v2\/comments?post=15156"}],"version-history":[{"count":3,"href":"https:\/\/www.dppireland.ie\/ga\/wp-json\/wp\/v2\/posts\/15156\/revisions"}],"predecessor-version":[{"id":15425,"href":"https:\/\/www.dppireland.ie\/ga\/wp-json\/wp\/v2\/posts\/15156\/revisions\/15425"}],"wp:attachment":[{"href":"https:\/\/www.dppireland.ie\/ga\/wp-json\/wp\/v2\/media?parent=15156"}],"wp:term":[{"taxonomy":"category","embeddable":true,"href":"https:\/\/www.dppireland.ie\/ga\/wp-json\/wp\/v2\/categories?post=15156"},{"taxonomy":"post_tag","embeddable":true,"href":"https:\/\/www.dppireland.ie\/ga\/wp-json\/wp\/v2\/tags?post=15156"}],"curies":[{"name":"wp","href":"https:\/\/api.w.org\/{rel}","templated":true}]}}