{"id":15026,"date":"2019-12-06T22:53:56","date_gmt":"2019-12-06T22:53:56","guid":{"rendered":"https:\/\/www.dppireland.ie\/?p=15026"},"modified":"2022-09-08T12:11:29","modified_gmt":"2022-09-08T11:11:29","slug":"ta-athas-ar-an-stiurthoir-ionchuiseamh-poibli-a-fhogairt-go-bhfoilseofar-eagran-athbhreithnithe-den-treoirlinte-dionchuisitheoiri","status":"publish","type":"post","link":"https:\/\/www.dppireland.ie\/ga\/ta-athas-ar-an-stiurthoir-ionchuiseamh-poibli-a-fhogairt-go-bhfoilseofar-eagran-athbhreithnithe-den-treoirlinte-dionchuisitheoiri\/","title":{"rendered":"T\u00e1 \u00e1thas ar an Sti\u00farth\u00f3ir Ionch\u00faiseamh Poibl\u00ed a fh\u00f3gairt go bhfoilseofar eagr\u00e1n athbhreithnithe den \u2018Treoirl\u00ednte d&#8217;Ionch\u00faisitheoir\u00ed\u2019"},"content":{"rendered":"<div class=\"wpb-content-wrapper\"><p>[vc_row][vc_column][vc_column_text]Is \u00e9 seo an 5<sup>\u00fa <\/sup>heagr\u00e1n de na \u2018Treoirl\u00ednte d\u2019Ionch\u00faisitheoir\u00ed\u2019. Foils\u00edodh na Treoirl\u00ednte den ch\u00e9ad uair sa bhliain 2001, agus \u00e9 mar aidhm leo prionsabail a leagan amach i dt\u00e9arma\u00ed ginear\u00e1lta chun tionscnamh agus seoladh ionch\u00faiseamh in \u00c9irinn a threor\u00fa. T\u00e1 siad ceaptha chun treoir ghinear\u00e1lta a thabhairt d\u2019ionch\u00faisitheoir\u00ed ionas go mbeidh an pr\u00f3iseas ionch\u00faisimh bunaithe ar bheartas at\u00e1 c\u00f3ir, r\u00e9as\u00fanaithe agus comhsheasmhach.<\/p>\n<p>D\u00e9anfar athbhreithni\u00fa ar na Treoirl\u00ednte d\u2019Ionch\u00faisitheoir\u00ed mar phr\u00f3iseas lean\u00fanach lena l\u00e9ireofar athruithe reachtacha agus athruithe n\u00f3s imeachta sa ch\u00f3ras ceartais choiri\u00fail.<\/p>\n<p><a href=\"https:\/\/www.dppireland.ie\/app\/uploads\/2019\/12\/Guidelines-for-Prosecutors-5th-Edition-irl.pdf\">Is f\u00e9idir leat na Treoirl\u00ednte athbhreithnithe a l\u00e9amh n\u00f3 a \u00edosl\u00f3d\u00e1il anseo.<\/a>[\/vc_column_text][\/vc_column][\/vc_row]<\/p>\n<\/div>","protected":false},"excerpt":{"rendered":"<p>[vc_row][vc_column][vc_column_text]Is \u00e9 seo an 5\u00fa heagr\u00e1n de na \u2018Treoirl\u00ednte d\u2019Ionch\u00faisitheoir\u00ed\u2019. Foils\u00edodh na Treoirl\u00ednte den ch\u00e9ad uair sa bhliain 2001, agus \u00e9 mar aidhm leo prionsabail a leagan amach i dt\u00e9arma\u00ed ginear\u00e1lta chun tionscnamh agus seoladh ionch\u00faiseamh in \u00c9irinn a threor\u00fa. T\u00e1 siad ceaptha chun treoir ghinear\u00e1lta a thabhairt d\u2019ionch\u00faisitheoir\u00ed ionas go mbeidh an pr\u00f3iseas ionch\u00faisimh &hellip; <a href=\"https:\/\/www.dppireland.ie\/ga\/ta-athas-ar-an-stiurthoir-ionchuiseamh-poibli-a-fhogairt-go-bhfoilseofar-eagran-athbhreithnithe-den-treoirlinte-dionchuisitheoiri\/\">Continued<\/a><\/p>\n","protected":false},"author":10,"featured_media":0,"comment_status":"closed","ping_status":"closed","sticky":false,"template":"","format":"standard","meta":{"_acf_changed":false,"om_disable_all_campaigns":false,"_relevanssi_hide_post":"","_relevanssi_hide_content":"","_relevanssi_pin_for_all":"","_relevanssi_pin_keywords":"","_relevanssi_unpin_keywords":"","_relevanssi_related_keywords":"","_relevanssi_related_include_ids":"","_relevanssi_related_exclude_ids":"","_relevanssi_related_no_append":"","_relevanssi_related_not_related":"","_relevanssi_related_posts":"","_relevanssi_noindex_reason":"","_monsterinsights_skip_tracking":false,"_monsterinsights_sitenote_active":false,"_monsterinsights_sitenote_note":"","_monsterinsights_sitenote_category":0,"_uf_show_specific_survey":0,"_uf_disable_surveys":false,"_jetpack_memberships_contains_paid_content":false,"footnotes":""},"categories":[103],"tags":[],"class_list":["post-15026","post","type-post","status-publish","format-standard","hentry","category-press-releases-ga"],"acf":[],"yoast_head":"<!-- This site is optimized with the Yoast SEO plugin v27.4 - https:\/\/yoast.com\/product\/yoast-seo-wordpress\/ -->\n<title>T\u00e1 \u00e1thas ar an Sti\u00farth\u00f3ir Ionch\u00faiseamh Poibl\u00ed a fh\u00f3gairt go bhfoilseofar eagr\u00e1n athbhreithnithe den \u2018Treoirl\u00ednte d&#039;Ionch\u00faisitheoir\u00ed\u2019 - Office of the Director of Public Prosecutions<\/title>\n<meta name=\"description\" content=\"Office of the Director of Public Prosecutions Providing a prosecution that is independent, fair and effective\" \/>\n<meta name=\"robots\" content=\"index, follow, max-snippet:-1, max-image-preview:large, max-video-preview:-1\" \/>\n<link rel=\"canonical\" href=\"https:\/\/www.dppireland.ie\/ga\/ta-athas-ar-an-stiurthoir-ionchuiseamh-poibli-a-fhogairt-go-bhfoilseofar-eagran-athbhreithnithe-den-treoirlinte-dionchuisitheoiri\/\" \/>\n<meta property=\"og:locale\" content=\"ga_IE\" \/>\n<meta property=\"og:type\" content=\"article\" \/>\n<meta property=\"og:title\" content=\"T\u00e1 \u00e1thas ar an Sti\u00farth\u00f3ir Ionch\u00faiseamh Poibl\u00ed a fh\u00f3gairt go bhfoilseofar eagr\u00e1n athbhreithnithe den \u2018Treoirl\u00ednte d&#039;Ionch\u00faisitheoir\u00ed\u2019 - Office of the Director of Public Prosecutions\" \/>\n<meta property=\"og:description\" content=\"Office of the Director of Public Prosecutions Providing a prosecution that is independent, fair and effective\" \/>\n<meta property=\"og:url\" content=\"https:\/\/www.dppireland.ie\/ga\/ta-athas-ar-an-stiurthoir-ionchuiseamh-poibli-a-fhogairt-go-bhfoilseofar-eagran-athbhreithnithe-den-treoirlinte-dionchuisitheoiri\/\" \/>\n<meta property=\"og:site_name\" content=\"Office of the Director of Public Prosecutions\" \/>\n<meta property=\"article:published_time\" content=\"2019-12-06T22:53:56+00:00\" \/>\n<meta property=\"article:modified_time\" content=\"2022-09-08T11:11:29+00:00\" \/>\n<meta name=\"author\" content=\"Padraig\" \/>\n<meta name=\"twitter:card\" content=\"summary_large_image\" \/>\n<meta name=\"twitter:label1\" content=\"Written by\" \/>\n\t<meta name=\"twitter:data1\" content=\"Padraig\" \/>\n\t<meta name=\"twitter:label2\" content=\"Est. reading time\" \/>\n\t<meta name=\"twitter:data2\" content=\"1 minute\" \/>\n<script type=\"application\/ld+json\" class=\"yoast-schema-graph\">{\"@context\":\"https:\\\/\\\/schema.org\",\"@graph\":[{\"@type\":\"Article\",\"@id\":\"https:\\\/\\\/www.dppireland.ie\\\/ga\\\/ta-athas-ar-an-stiurthoir-ionchuiseamh-poibli-a-fhogairt-go-bhfoilseofar-eagran-athbhreithnithe-den-treoirlinte-dionchuisitheoiri\\\/#article\",\"isPartOf\":{\"@id\":\"https:\\\/\\\/www.dppireland.ie\\\/ga\\\/ta-athas-ar-an-stiurthoir-ionchuiseamh-poibli-a-fhogairt-go-bhfoilseofar-eagran-athbhreithnithe-den-treoirlinte-dionchuisitheoiri\\\/\"},\"author\":{\"name\":\"Padraig\",\"@id\":\"https:\\\/\\\/www.dppireland.ie\\\/#\\\/schema\\\/person\\\/7e5445e1dce09f1fba37dbbd2eda62c3\"},\"headline\":\"T\u00e1 \u00e1thas ar an Sti\u00farth\u00f3ir Ionch\u00faiseamh Poibl\u00ed a fh\u00f3gairt go bhfoilseofar eagr\u00e1n athbhreithnithe den \u2018Treoirl\u00ednte d&#8217;Ionch\u00faisitheoir\u00ed\u2019\",\"datePublished\":\"2019-12-06T22:53:56+00:00\",\"dateModified\":\"2022-09-08T11:11:29+00:00\",\"mainEntityOfPage\":{\"@id\":\"https:\\\/\\\/www.dppireland.ie\\\/ga\\\/ta-athas-ar-an-stiurthoir-ionchuiseamh-poibli-a-fhogairt-go-bhfoilseofar-eagran-athbhreithnithe-den-treoirlinte-dionchuisitheoiri\\\/\"},\"wordCount\":163,\"articleSection\":[\"Press Releases\"],\"inLanguage\":\"ga-IE\"},{\"@type\":\"WebPage\",\"@id\":\"https:\\\/\\\/www.dppireland.ie\\\/ga\\\/ta-athas-ar-an-stiurthoir-ionchuiseamh-poibli-a-fhogairt-go-bhfoilseofar-eagran-athbhreithnithe-den-treoirlinte-dionchuisitheoiri\\\/\",\"url\":\"https:\\\/\\\/www.dppireland.ie\\\/ga\\\/ta-athas-ar-an-stiurthoir-ionchuiseamh-poibli-a-fhogairt-go-bhfoilseofar-eagran-athbhreithnithe-den-treoirlinte-dionchuisitheoiri\\\/\",\"name\":\"T\u00e1 \u00e1thas ar an Sti\u00farth\u00f3ir Ionch\u00faiseamh Poibl\u00ed a fh\u00f3gairt go bhfoilseofar eagr\u00e1n athbhreithnithe den \u2018Treoirl\u00ednte d'Ionch\u00faisitheoir\u00ed\u2019 - Office of the Director of Public Prosecutions\",\"isPartOf\":{\"@id\":\"https:\\\/\\\/www.dppireland.ie\\\/#website\"},\"datePublished\":\"2019-12-06T22:53:56+00:00\",\"dateModified\":\"2022-09-08T11:11:29+00:00\",\"author\":{\"@id\":\"https:\\\/\\\/www.dppireland.ie\\\/#\\\/schema\\\/person\\\/7e5445e1dce09f1fba37dbbd2eda62c3\"},\"description\":\"Office of the Director of Public Prosecutions Providing a prosecution that is independent, fair and effective\",\"breadcrumb\":{\"@id\":\"https:\\\/\\\/www.dppireland.ie\\\/ga\\\/ta-athas-ar-an-stiurthoir-ionchuiseamh-poibli-a-fhogairt-go-bhfoilseofar-eagran-athbhreithnithe-den-treoirlinte-dionchuisitheoiri\\\/#breadcrumb\"},\"inLanguage\":\"ga-IE\",\"potentialAction\":[{\"@type\":\"ReadAction\",\"target\":[\"https:\\\/\\\/www.dppireland.ie\\\/ga\\\/ta-athas-ar-an-stiurthoir-ionchuiseamh-poibli-a-fhogairt-go-bhfoilseofar-eagran-athbhreithnithe-den-treoirlinte-dionchuisitheoiri\\\/\"]}]},{\"@type\":\"BreadcrumbList\",\"@id\":\"https:\\\/\\\/www.dppireland.ie\\\/ga\\\/ta-athas-ar-an-stiurthoir-ionchuiseamh-poibli-a-fhogairt-go-bhfoilseofar-eagran-athbhreithnithe-den-treoirlinte-dionchuisitheoiri\\\/#breadcrumb\",\"itemListElement\":[{\"@type\":\"ListItem\",\"position\":1,\"name\":\"Home\",\"item\":\"https:\\\/\\\/www.dppireland.ie\\\/ga\\\/\"},{\"@type\":\"ListItem\",\"position\":2,\"name\":\"T\u00e1 \u00e1thas ar an Sti\u00farth\u00f3ir Ionch\u00faiseamh Poibl\u00ed a fh\u00f3gairt go bhfoilseofar eagr\u00e1n athbhreithnithe den \u2018Treoirl\u00ednte d&#8217;Ionch\u00faisitheoir\u00ed\u2019\"}]},{\"@type\":\"WebSite\",\"@id\":\"https:\\\/\\\/www.dppireland.ie\\\/#website\",\"url\":\"https:\\\/\\\/www.dppireland.ie\\\/\",\"name\":\"Office of the Director of Public Prosecutions\",\"description\":\"Providing a prosecution that is independent, fair and effective\",\"potentialAction\":[{\"@type\":\"SearchAction\",\"target\":{\"@type\":\"EntryPoint\",\"urlTemplate\":\"https:\\\/\\\/www.dppireland.ie\\\/?s={search_term_string}\"},\"query-input\":{\"@type\":\"PropertyValueSpecification\",\"valueRequired\":true,\"valueName\":\"search_term_string\"}}],\"inLanguage\":\"ga-IE\"},{\"@type\":\"Person\",\"@id\":\"https:\\\/\\\/www.dppireland.ie\\\/#\\\/schema\\\/person\\\/7e5445e1dce09f1fba37dbbd2eda62c3\",\"name\":\"Padraig\",\"image\":{\"@type\":\"ImageObject\",\"inLanguage\":\"ga-IE\",\"@id\":\"https:\\\/\\\/secure.gravatar.com\\\/avatar\\\/95919b15397c5874edbfcd2956fd11ba92f0c1ea67df40f470e6f664c488e1f6?s=96&d=mm&r=g\",\"url\":\"https:\\\/\\\/secure.gravatar.com\\\/avatar\\\/95919b15397c5874edbfcd2956fd11ba92f0c1ea67df40f470e6f664c488e1f6?s=96&d=mm&r=g\",\"contentUrl\":\"https:\\\/\\\/secure.gravatar.com\\\/avatar\\\/95919b15397c5874edbfcd2956fd11ba92f0c1ea67df40f470e6f664c488e1f6?s=96&d=mm&r=g\",\"caption\":\"Padraig\"}}]}<\/script>\n<!-- \/ Yoast SEO plugin. -->","yoast_head_json":{"title":"T\u00e1 \u00e1thas ar an Sti\u00farth\u00f3ir Ionch\u00faiseamh Poibl\u00ed a fh\u00f3gairt go bhfoilseofar eagr\u00e1n athbhreithnithe den \u2018Treoirl\u00ednte d'Ionch\u00faisitheoir\u00ed\u2019 - Office of the Director of Public Prosecutions","description":"Office of the Director of Public Prosecutions Providing a prosecution that is independent, fair and effective","robots":{"index":"index","follow":"follow","max-snippet":"max-snippet:-1","max-image-preview":"max-image-preview:large","max-video-preview":"max-video-preview:-1"},"canonical":"https:\/\/www.dppireland.ie\/ga\/ta-athas-ar-an-stiurthoir-ionchuiseamh-poibli-a-fhogairt-go-bhfoilseofar-eagran-athbhreithnithe-den-treoirlinte-dionchuisitheoiri\/","og_locale":"ga_IE","og_type":"article","og_title":"T\u00e1 \u00e1thas ar an Sti\u00farth\u00f3ir Ionch\u00faiseamh Poibl\u00ed a fh\u00f3gairt go bhfoilseofar eagr\u00e1n athbhreithnithe den \u2018Treoirl\u00ednte d'Ionch\u00faisitheoir\u00ed\u2019 - Office of the Director of Public Prosecutions","og_description":"Office of the Director of Public Prosecutions Providing a prosecution that is independent, fair and effective","og_url":"https:\/\/www.dppireland.ie\/ga\/ta-athas-ar-an-stiurthoir-ionchuiseamh-poibli-a-fhogairt-go-bhfoilseofar-eagran-athbhreithnithe-den-treoirlinte-dionchuisitheoiri\/","og_site_name":"Office of the Director of Public Prosecutions","article_published_time":"2019-12-06T22:53:56+00:00","article_modified_time":"2022-09-08T11:11:29+00:00","author":"Padraig","twitter_card":"summary_large_image","twitter_misc":{"Written by":"Padraig","Est. reading time":"1 minute"},"schema":{"@context":"https:\/\/schema.org","@graph":[{"@type":"Article","@id":"https:\/\/www.dppireland.ie\/ga\/ta-athas-ar-an-stiurthoir-ionchuiseamh-poibli-a-fhogairt-go-bhfoilseofar-eagran-athbhreithnithe-den-treoirlinte-dionchuisitheoiri\/#article","isPartOf":{"@id":"https:\/\/www.dppireland.ie\/ga\/ta-athas-ar-an-stiurthoir-ionchuiseamh-poibli-a-fhogairt-go-bhfoilseofar-eagran-athbhreithnithe-den-treoirlinte-dionchuisitheoiri\/"},"author":{"name":"Padraig","@id":"https:\/\/www.dppireland.ie\/#\/schema\/person\/7e5445e1dce09f1fba37dbbd2eda62c3"},"headline":"T\u00e1 \u00e1thas ar an Sti\u00farth\u00f3ir Ionch\u00faiseamh Poibl\u00ed a fh\u00f3gairt go bhfoilseofar eagr\u00e1n athbhreithnithe den \u2018Treoirl\u00ednte d&#8217;Ionch\u00faisitheoir\u00ed\u2019","datePublished":"2019-12-06T22:53:56+00:00","dateModified":"2022-09-08T11:11:29+00:00","mainEntityOfPage":{"@id":"https:\/\/www.dppireland.ie\/ga\/ta-athas-ar-an-stiurthoir-ionchuiseamh-poibli-a-fhogairt-go-bhfoilseofar-eagran-athbhreithnithe-den-treoirlinte-dionchuisitheoiri\/"},"wordCount":163,"articleSection":["Press Releases"],"inLanguage":"ga-IE"},{"@type":"WebPage","@id":"https:\/\/www.dppireland.ie\/ga\/ta-athas-ar-an-stiurthoir-ionchuiseamh-poibli-a-fhogairt-go-bhfoilseofar-eagran-athbhreithnithe-den-treoirlinte-dionchuisitheoiri\/","url":"https:\/\/www.dppireland.ie\/ga\/ta-athas-ar-an-stiurthoir-ionchuiseamh-poibli-a-fhogairt-go-bhfoilseofar-eagran-athbhreithnithe-den-treoirlinte-dionchuisitheoiri\/","name":"T\u00e1 \u00e1thas ar an Sti\u00farth\u00f3ir Ionch\u00faiseamh Poibl\u00ed a fh\u00f3gairt go bhfoilseofar eagr\u00e1n athbhreithnithe den \u2018Treoirl\u00ednte d'Ionch\u00faisitheoir\u00ed\u2019 - Office of the Director of Public Prosecutions","isPartOf":{"@id":"https:\/\/www.dppireland.ie\/#website"},"datePublished":"2019-12-06T22:53:56+00:00","dateModified":"2022-09-08T11:11:29+00:00","author":{"@id":"https:\/\/www.dppireland.ie\/#\/schema\/person\/7e5445e1dce09f1fba37dbbd2eda62c3"},"description":"Office of the Director of Public Prosecutions Providing a prosecution that is independent, fair and effective","breadcrumb":{"@id":"https:\/\/www.dppireland.ie\/ga\/ta-athas-ar-an-stiurthoir-ionchuiseamh-poibli-a-fhogairt-go-bhfoilseofar-eagran-athbhreithnithe-den-treoirlinte-dionchuisitheoiri\/#breadcrumb"},"inLanguage":"ga-IE","potentialAction":[{"@type":"ReadAction","target":["https:\/\/www.dppireland.ie\/ga\/ta-athas-ar-an-stiurthoir-ionchuiseamh-poibli-a-fhogairt-go-bhfoilseofar-eagran-athbhreithnithe-den-treoirlinte-dionchuisitheoiri\/"]}]},{"@type":"BreadcrumbList","@id":"https:\/\/www.dppireland.ie\/ga\/ta-athas-ar-an-stiurthoir-ionchuiseamh-poibli-a-fhogairt-go-bhfoilseofar-eagran-athbhreithnithe-den-treoirlinte-dionchuisitheoiri\/#breadcrumb","itemListElement":[{"@type":"ListItem","position":1,"name":"Home","item":"https:\/\/www.dppireland.ie\/ga\/"},{"@type":"ListItem","position":2,"name":"T\u00e1 \u00e1thas ar an Sti\u00farth\u00f3ir Ionch\u00faiseamh Poibl\u00ed a fh\u00f3gairt go bhfoilseofar eagr\u00e1n athbhreithnithe den \u2018Treoirl\u00ednte d&#8217;Ionch\u00faisitheoir\u00ed\u2019"}]},{"@type":"WebSite","@id":"https:\/\/www.dppireland.ie\/#website","url":"https:\/\/www.dppireland.ie\/","name":"Office of the Director of Public Prosecutions","description":"Providing a prosecution that is independent, fair and effective","potentialAction":[{"@type":"SearchAction","target":{"@type":"EntryPoint","urlTemplate":"https:\/\/www.dppireland.ie\/?s={search_term_string}"},"query-input":{"@type":"PropertyValueSpecification","valueRequired":true,"valueName":"search_term_string"}}],"inLanguage":"ga-IE"},{"@type":"Person","@id":"https:\/\/www.dppireland.ie\/#\/schema\/person\/7e5445e1dce09f1fba37dbbd2eda62c3","name":"Padraig","image":{"@type":"ImageObject","inLanguage":"ga-IE","@id":"https:\/\/secure.gravatar.com\/avatar\/95919b15397c5874edbfcd2956fd11ba92f0c1ea67df40f470e6f664c488e1f6?s=96&d=mm&r=g","url":"https:\/\/secure.gravatar.com\/avatar\/95919b15397c5874edbfcd2956fd11ba92f0c1ea67df40f470e6f664c488e1f6?s=96&d=mm&r=g","contentUrl":"https:\/\/secure.gravatar.com\/avatar\/95919b15397c5874edbfcd2956fd11ba92f0c1ea67df40f470e6f664c488e1f6?s=96&d=mm&r=g","caption":"Padraig"}}]}},"jetpack_featured_media_url":"","jetpack_sharing_enabled":true,"_links":{"self":[{"href":"https:\/\/www.dppireland.ie\/ga\/wp-json\/wp\/v2\/posts\/15026","targetHints":{"allow":["GET"]}}],"collection":[{"href":"https:\/\/www.dppireland.ie\/ga\/wp-json\/wp\/v2\/posts"}],"about":[{"href":"https:\/\/www.dppireland.ie\/ga\/wp-json\/wp\/v2\/types\/post"}],"author":[{"embeddable":true,"href":"https:\/\/www.dppireland.ie\/ga\/wp-json\/wp\/v2\/users\/10"}],"replies":[{"embeddable":true,"href":"https:\/\/www.dppireland.ie\/ga\/wp-json\/wp\/v2\/comments?post=15026"}],"version-history":[{"count":2,"href":"https:\/\/www.dppireland.ie\/ga\/wp-json\/wp\/v2\/posts\/15026\/revisions"}],"predecessor-version":[{"id":15287,"href":"https:\/\/www.dppireland.ie\/ga\/wp-json\/wp\/v2\/posts\/15026\/revisions\/15287"}],"wp:attachment":[{"href":"https:\/\/www.dppireland.ie\/ga\/wp-json\/wp\/v2\/media?parent=15026"}],"wp:term":[{"taxonomy":"category","embeddable":true,"href":"https:\/\/www.dppireland.ie\/ga\/wp-json\/wp\/v2\/categories?post=15026"},{"taxonomy":"post_tag","embeddable":true,"href":"https:\/\/www.dppireland.ie\/ga\/wp-json\/wp\/v2\/tags?post=15026"}],"curies":[{"name":"wp","href":"https:\/\/api.w.org\/{rel}","templated":true}]}}