{"id":15021,"date":"2020-04-07T22:53:01","date_gmt":"2020-04-07T21:53:01","guid":{"rendered":"https:\/\/www.dppireland.ie\/?p=15021"},"modified":"2022-09-08T12:10:44","modified_gmt":"2022-09-08T11:10:44","slug":"covid-19-oifig-an-dpp-nuashonru-seirbhise","status":"publish","type":"post","link":"https:\/\/www.dppireland.ie\/ga\/covid-19-oifig-an-dpp-nuashonru-seirbhise\/","title":{"rendered":"COVID-19: Oifig an DPP &#8211; nuashonr\u00fa seirbh\u00edse"},"content":{"rendered":"<div class=\"wpb-content-wrapper\"><p>[vc_row][vc_column][vc_column_text]<img loading=\"lazy\" decoding=\"async\" class=\" wp-image-6268 alignleft\" src=\"https:\/\/www.dppireland.ie\/app\/uploads\/2020\/04\/COVID-graphic-for-website-notice-irl-300x176.jpg\" alt=\"\" width=\"339\" height=\"199\" srcset=\"https:\/\/www.dppireland.ie\/app\/uploads\/2020\/04\/COVID-graphic-for-website-notice-irl-300x176.jpg 300w, https:\/\/www.dppireland.ie\/app\/uploads\/2020\/04\/COVID-graphic-for-website-notice-irl-1024x602.jpg 1024w, https:\/\/www.dppireland.ie\/app\/uploads\/2020\/04\/COVID-graphic-for-website-notice-irl-768x452.jpg 768w, https:\/\/www.dppireland.ie\/app\/uploads\/2020\/04\/COVID-graphic-for-website-notice-irl-1536x903.jpg 1536w, https:\/\/www.dppireland.ie\/app\/uploads\/2020\/04\/COVID-graphic-for-website-notice-irl-2048x1205.jpg 2048w, https:\/\/www.dppireland.ie\/app\/uploads\/2020\/04\/COVID-graphic-for-website-notice-irl-100x59.jpg 100w\" sizes=\"auto, (max-width: 339px) 100vw, 339px\" \/>T\u00e1 Oifig an Sti\u00farth\u00f3ra Ionch\u00faiseamh Poibl\u00ed (DPP), cos\u00fail le gach eagra\u00edocht seirbh\u00edse poibl\u00ed, ag freagairt do na d\u00fashl\u00e1in at\u00e1 ag teacht chun cinn a chrutha\u00edonn paind\u00e9im COVID-19. Is seirbh\u00eds riachtanach \u00ed an tseirbh\u00eds ionch\u00faisimh.<\/p>\n<p>T\u00e1 raon beart curtha i bhfeidhm againn chun seachadadh lean\u00fanach seirbh\u00edse ionch\u00faisimh a chinnti\u00fa le linn na tr\u00e9imhse seo, agus treoirl\u00ednte sl\u00e1inte poibl\u00ed an Rialtais \u00e1 gcomhl\u00edonadh againn freisin.<\/p>\n<p>Is f\u00e9idir <a href=\"https:\/\/www.dppireland.ie\/ga\/contact-us\">teagmh\u00e1il a dh\u00e9anamh<\/a> leis an Oifig mar is gn\u00e1ch. Is f\u00e9idir le h\u00edospartaigh na coireachta comhfhreagras a dh\u00e9anamh f\u00f3s le hOifig an DPP maidir lena gc\u00e1sanna (e.g. iarratais a lorg ar ch\u00faiseanna agus athbhreithnithe ar chinnt\u00ed gan ionch\u00faiseamh a dh\u00e9anamh).<\/p>\n<p>Iarrtar ar ionadaithe dl\u00ed cosanta comhfhreagras a dh\u00e9anamh leis an Oifig tr\u00ed r\u00edomhphost le linn na tr\u00e9imhse seo.<\/p>\n<p>T\u00e1 faisn\u00e9is maidir le seirbh\u00eds\u00ed c\u00fairte ar f\u00e1il go d\u00edreach ar shu\u00edomh Gr\u00e9as\u00e1in na gC\u00fairteanna ag <a href=\"https:\/\/www.courts.ie\/ga\">www.courts.ie<\/a>.[\/vc_column_text][\/vc_column][\/vc_row]<\/p>\n<\/div>","protected":false},"excerpt":{"rendered":"<p>[vc_row][vc_column][vc_column_text]T\u00e1 Oifig an Sti\u00farth\u00f3ra Ionch\u00faiseamh Poibl\u00ed (DPP), cos\u00fail le gach eagra\u00edocht seirbh\u00edse poibl\u00ed, ag freagairt do na d\u00fashl\u00e1in at\u00e1 ag teacht chun cinn a chrutha\u00edonn paind\u00e9im COVID-19. Is seirbh\u00eds riachtanach \u00ed an tseirbh\u00eds ionch\u00faisimh. T\u00e1 raon beart curtha i bhfeidhm againn chun seachadadh lean\u00fanach seirbh\u00edse ionch\u00faisimh a chinnti\u00fa le linn na tr\u00e9imhse seo, agus treoirl\u00ednte &hellip; <a href=\"https:\/\/www.dppireland.ie\/ga\/covid-19-oifig-an-dpp-nuashonru-seirbhise\/\">Continued<\/a><\/p>\n","protected":false},"author":10,"featured_media":0,"comment_status":"closed","ping_status":"closed","sticky":false,"template":"","format":"standard","meta":{"_acf_changed":false,"om_disable_all_campaigns":false,"_relevanssi_hide_post":"","_relevanssi_hide_content":"","_relevanssi_pin_for_all":"","_relevanssi_pin_keywords":"","_relevanssi_unpin_keywords":"","_relevanssi_related_keywords":"","_relevanssi_related_include_ids":"","_relevanssi_related_exclude_ids":"","_relevanssi_related_no_append":"","_relevanssi_related_not_related":"","_relevanssi_related_posts":"","_relevanssi_noindex_reason":"","_monsterinsights_skip_tracking":false,"_monsterinsights_sitenote_active":false,"_monsterinsights_sitenote_note":"","_monsterinsights_sitenote_category":0,"_uf_show_specific_survey":0,"_uf_disable_surveys":false,"_jetpack_memberships_contains_paid_content":false,"footnotes":""},"categories":[103],"tags":[],"class_list":["post-15021","post","type-post","status-publish","format-standard","hentry","category-press-releases-ga"],"acf":[],"yoast_head":"<!-- This site is optimized with the Yoast SEO plugin v27.4 - https:\/\/yoast.com\/product\/yoast-seo-wordpress\/ -->\n<title>COVID-19: Oifig an DPP - nuashonr\u00fa seirbh\u00edse - Office of the Director of Public Prosecutions<\/title>\n<meta name=\"description\" content=\"Office of the Director of Public Prosecutions Providing a prosecution that is independent, fair and effective\" \/>\n<meta name=\"robots\" content=\"index, follow, max-snippet:-1, max-image-preview:large, max-video-preview:-1\" \/>\n<link rel=\"canonical\" href=\"https:\/\/www.dppireland.ie\/ga\/covid-19-oifig-an-dpp-nuashonru-seirbhise\/\" \/>\n<meta property=\"og:locale\" content=\"ga_IE\" \/>\n<meta property=\"og:type\" content=\"article\" \/>\n<meta property=\"og:title\" content=\"COVID-19: Oifig an DPP - nuashonr\u00fa seirbh\u00edse - Office of the Director of Public Prosecutions\" \/>\n<meta property=\"og:description\" content=\"Office of the Director of Public Prosecutions Providing a prosecution that is independent, fair and effective\" \/>\n<meta property=\"og:url\" content=\"https:\/\/www.dppireland.ie\/ga\/covid-19-oifig-an-dpp-nuashonru-seirbhise\/\" \/>\n<meta property=\"og:site_name\" content=\"Office of the Director of Public Prosecutions\" \/>\n<meta property=\"article:published_time\" content=\"2020-04-07T21:53:01+00:00\" \/>\n<meta property=\"article:modified_time\" content=\"2022-09-08T11:10:44+00:00\" \/>\n<meta property=\"og:image\" content=\"https:\/\/www.dppireland.ie\/app\/uploads\/2020\/04\/COVID-graphic-for-website-notice-irl-300x176.jpg\" \/>\n<meta name=\"author\" content=\"Padraig\" \/>\n<meta name=\"twitter:card\" content=\"summary_large_image\" \/>\n<meta name=\"twitter:label1\" content=\"Written by\" \/>\n\t<meta name=\"twitter:data1\" content=\"Padraig\" \/>\n\t<meta name=\"twitter:label2\" content=\"Est. reading time\" \/>\n\t<meta name=\"twitter:data2\" content=\"1 minute\" \/>\n<script type=\"application\/ld+json\" class=\"yoast-schema-graph\">{\"@context\":\"https:\\\/\\\/schema.org\",\"@graph\":[{\"@type\":\"Article\",\"@id\":\"https:\\\/\\\/www.dppireland.ie\\\/ga\\\/covid-19-oifig-an-dpp-nuashonru-seirbhise\\\/#article\",\"isPartOf\":{\"@id\":\"https:\\\/\\\/www.dppireland.ie\\\/ga\\\/covid-19-oifig-an-dpp-nuashonru-seirbhise\\\/\"},\"author\":{\"name\":\"Padraig\",\"@id\":\"https:\\\/\\\/www.dppireland.ie\\\/#\\\/schema\\\/person\\\/7e5445e1dce09f1fba37dbbd2eda62c3\"},\"headline\":\"COVID-19: Oifig an DPP &#8211; nuashonr\u00fa seirbh\u00edse\",\"datePublished\":\"2020-04-07T21:53:01+00:00\",\"dateModified\":\"2022-09-08T11:10:44+00:00\",\"mainEntityOfPage\":{\"@id\":\"https:\\\/\\\/www.dppireland.ie\\\/ga\\\/covid-19-oifig-an-dpp-nuashonru-seirbhise\\\/\"},\"wordCount\":207,\"image\":{\"@id\":\"https:\\\/\\\/www.dppireland.ie\\\/ga\\\/covid-19-oifig-an-dpp-nuashonru-seirbhise\\\/#primaryimage\"},\"thumbnailUrl\":\"https:\\\/\\\/www.dppireland.ie\\\/app\\\/uploads\\\/2020\\\/04\\\/COVID-graphic-for-website-notice-irl-300x176.jpg\",\"articleSection\":[\"Press Releases\"],\"inLanguage\":\"ga-IE\"},{\"@type\":\"WebPage\",\"@id\":\"https:\\\/\\\/www.dppireland.ie\\\/ga\\\/covid-19-oifig-an-dpp-nuashonru-seirbhise\\\/\",\"url\":\"https:\\\/\\\/www.dppireland.ie\\\/ga\\\/covid-19-oifig-an-dpp-nuashonru-seirbhise\\\/\",\"name\":\"COVID-19: Oifig an DPP - nuashonr\u00fa seirbh\u00edse - Office of the Director of Public Prosecutions\",\"isPartOf\":{\"@id\":\"https:\\\/\\\/www.dppireland.ie\\\/#website\"},\"primaryImageOfPage\":{\"@id\":\"https:\\\/\\\/www.dppireland.ie\\\/ga\\\/covid-19-oifig-an-dpp-nuashonru-seirbhise\\\/#primaryimage\"},\"image\":{\"@id\":\"https:\\\/\\\/www.dppireland.ie\\\/ga\\\/covid-19-oifig-an-dpp-nuashonru-seirbhise\\\/#primaryimage\"},\"thumbnailUrl\":\"https:\\\/\\\/www.dppireland.ie\\\/app\\\/uploads\\\/2020\\\/04\\\/COVID-graphic-for-website-notice-irl-300x176.jpg\",\"datePublished\":\"2020-04-07T21:53:01+00:00\",\"dateModified\":\"2022-09-08T11:10:44+00:00\",\"author\":{\"@id\":\"https:\\\/\\\/www.dppireland.ie\\\/#\\\/schema\\\/person\\\/7e5445e1dce09f1fba37dbbd2eda62c3\"},\"description\":\"Office of the Director of Public Prosecutions Providing a prosecution that is independent, fair and effective\",\"breadcrumb\":{\"@id\":\"https:\\\/\\\/www.dppireland.ie\\\/ga\\\/covid-19-oifig-an-dpp-nuashonru-seirbhise\\\/#breadcrumb\"},\"inLanguage\":\"ga-IE\",\"potentialAction\":[{\"@type\":\"ReadAction\",\"target\":[\"https:\\\/\\\/www.dppireland.ie\\\/ga\\\/covid-19-oifig-an-dpp-nuashonru-seirbhise\\\/\"]}]},{\"@type\":\"ImageObject\",\"inLanguage\":\"ga-IE\",\"@id\":\"https:\\\/\\\/www.dppireland.ie\\\/ga\\\/covid-19-oifig-an-dpp-nuashonru-seirbhise\\\/#primaryimage\",\"url\":\"https:\\\/\\\/www.dppireland.ie\\\/app\\\/uploads\\\/2020\\\/04\\\/COVID-graphic-for-website-notice-irl-300x176.jpg\",\"contentUrl\":\"https:\\\/\\\/www.dppireland.ie\\\/app\\\/uploads\\\/2020\\\/04\\\/COVID-graphic-for-website-notice-irl-300x176.jpg\"},{\"@type\":\"BreadcrumbList\",\"@id\":\"https:\\\/\\\/www.dppireland.ie\\\/ga\\\/covid-19-oifig-an-dpp-nuashonru-seirbhise\\\/#breadcrumb\",\"itemListElement\":[{\"@type\":\"ListItem\",\"position\":1,\"name\":\"Home\",\"item\":\"https:\\\/\\\/www.dppireland.ie\\\/ga\\\/\"},{\"@type\":\"ListItem\",\"position\":2,\"name\":\"COVID-19: Oifig an DPP &#8211; nuashonr\u00fa seirbh\u00edse\"}]},{\"@type\":\"WebSite\",\"@id\":\"https:\\\/\\\/www.dppireland.ie\\\/#website\",\"url\":\"https:\\\/\\\/www.dppireland.ie\\\/\",\"name\":\"Office of the Director of Public Prosecutions\",\"description\":\"Providing a prosecution that is independent, fair and effective\",\"potentialAction\":[{\"@type\":\"SearchAction\",\"target\":{\"@type\":\"EntryPoint\",\"urlTemplate\":\"https:\\\/\\\/www.dppireland.ie\\\/?s={search_term_string}\"},\"query-input\":{\"@type\":\"PropertyValueSpecification\",\"valueRequired\":true,\"valueName\":\"search_term_string\"}}],\"inLanguage\":\"ga-IE\"},{\"@type\":\"Person\",\"@id\":\"https:\\\/\\\/www.dppireland.ie\\\/#\\\/schema\\\/person\\\/7e5445e1dce09f1fba37dbbd2eda62c3\",\"name\":\"Padraig\",\"image\":{\"@type\":\"ImageObject\",\"inLanguage\":\"ga-IE\",\"@id\":\"https:\\\/\\\/secure.gravatar.com\\\/avatar\\\/95919b15397c5874edbfcd2956fd11ba92f0c1ea67df40f470e6f664c488e1f6?s=96&d=mm&r=g\",\"url\":\"https:\\\/\\\/secure.gravatar.com\\\/avatar\\\/95919b15397c5874edbfcd2956fd11ba92f0c1ea67df40f470e6f664c488e1f6?s=96&d=mm&r=g\",\"contentUrl\":\"https:\\\/\\\/secure.gravatar.com\\\/avatar\\\/95919b15397c5874edbfcd2956fd11ba92f0c1ea67df40f470e6f664c488e1f6?s=96&d=mm&r=g\",\"caption\":\"Padraig\"}}]}<\/script>\n<!-- \/ Yoast SEO plugin. -->","yoast_head_json":{"title":"COVID-19: Oifig an DPP - nuashonr\u00fa seirbh\u00edse - Office of the Director of Public Prosecutions","description":"Office of the Director of Public Prosecutions Providing a prosecution that is independent, fair and effective","robots":{"index":"index","follow":"follow","max-snippet":"max-snippet:-1","max-image-preview":"max-image-preview:large","max-video-preview":"max-video-preview:-1"},"canonical":"https:\/\/www.dppireland.ie\/ga\/covid-19-oifig-an-dpp-nuashonru-seirbhise\/","og_locale":"ga_IE","og_type":"article","og_title":"COVID-19: Oifig an DPP - nuashonr\u00fa seirbh\u00edse - Office of the Director of Public Prosecutions","og_description":"Office of the Director of Public Prosecutions Providing a prosecution that is independent, fair and effective","og_url":"https:\/\/www.dppireland.ie\/ga\/covid-19-oifig-an-dpp-nuashonru-seirbhise\/","og_site_name":"Office of the Director of Public Prosecutions","article_published_time":"2020-04-07T21:53:01+00:00","article_modified_time":"2022-09-08T11:10:44+00:00","og_image":[{"url":"https:\/\/www.dppireland.ie\/app\/uploads\/2020\/04\/COVID-graphic-for-website-notice-irl-300x176.jpg","type":"","width":"","height":""}],"author":"Padraig","twitter_card":"summary_large_image","twitter_misc":{"Written by":"Padraig","Est. reading time":"1 minute"},"schema":{"@context":"https:\/\/schema.org","@graph":[{"@type":"Article","@id":"https:\/\/www.dppireland.ie\/ga\/covid-19-oifig-an-dpp-nuashonru-seirbhise\/#article","isPartOf":{"@id":"https:\/\/www.dppireland.ie\/ga\/covid-19-oifig-an-dpp-nuashonru-seirbhise\/"},"author":{"name":"Padraig","@id":"https:\/\/www.dppireland.ie\/#\/schema\/person\/7e5445e1dce09f1fba37dbbd2eda62c3"},"headline":"COVID-19: Oifig an DPP &#8211; nuashonr\u00fa seirbh\u00edse","datePublished":"2020-04-07T21:53:01+00:00","dateModified":"2022-09-08T11:10:44+00:00","mainEntityOfPage":{"@id":"https:\/\/www.dppireland.ie\/ga\/covid-19-oifig-an-dpp-nuashonru-seirbhise\/"},"wordCount":207,"image":{"@id":"https:\/\/www.dppireland.ie\/ga\/covid-19-oifig-an-dpp-nuashonru-seirbhise\/#primaryimage"},"thumbnailUrl":"https:\/\/www.dppireland.ie\/app\/uploads\/2020\/04\/COVID-graphic-for-website-notice-irl-300x176.jpg","articleSection":["Press Releases"],"inLanguage":"ga-IE"},{"@type":"WebPage","@id":"https:\/\/www.dppireland.ie\/ga\/covid-19-oifig-an-dpp-nuashonru-seirbhise\/","url":"https:\/\/www.dppireland.ie\/ga\/covid-19-oifig-an-dpp-nuashonru-seirbhise\/","name":"COVID-19: Oifig an DPP - nuashonr\u00fa seirbh\u00edse - Office of the Director of Public Prosecutions","isPartOf":{"@id":"https:\/\/www.dppireland.ie\/#website"},"primaryImageOfPage":{"@id":"https:\/\/www.dppireland.ie\/ga\/covid-19-oifig-an-dpp-nuashonru-seirbhise\/#primaryimage"},"image":{"@id":"https:\/\/www.dppireland.ie\/ga\/covid-19-oifig-an-dpp-nuashonru-seirbhise\/#primaryimage"},"thumbnailUrl":"https:\/\/www.dppireland.ie\/app\/uploads\/2020\/04\/COVID-graphic-for-website-notice-irl-300x176.jpg","datePublished":"2020-04-07T21:53:01+00:00","dateModified":"2022-09-08T11:10:44+00:00","author":{"@id":"https:\/\/www.dppireland.ie\/#\/schema\/person\/7e5445e1dce09f1fba37dbbd2eda62c3"},"description":"Office of the Director of Public Prosecutions Providing a prosecution that is independent, fair and effective","breadcrumb":{"@id":"https:\/\/www.dppireland.ie\/ga\/covid-19-oifig-an-dpp-nuashonru-seirbhise\/#breadcrumb"},"inLanguage":"ga-IE","potentialAction":[{"@type":"ReadAction","target":["https:\/\/www.dppireland.ie\/ga\/covid-19-oifig-an-dpp-nuashonru-seirbhise\/"]}]},{"@type":"ImageObject","inLanguage":"ga-IE","@id":"https:\/\/www.dppireland.ie\/ga\/covid-19-oifig-an-dpp-nuashonru-seirbhise\/#primaryimage","url":"https:\/\/www.dppireland.ie\/app\/uploads\/2020\/04\/COVID-graphic-for-website-notice-irl-300x176.jpg","contentUrl":"https:\/\/www.dppireland.ie\/app\/uploads\/2020\/04\/COVID-graphic-for-website-notice-irl-300x176.jpg"},{"@type":"BreadcrumbList","@id":"https:\/\/www.dppireland.ie\/ga\/covid-19-oifig-an-dpp-nuashonru-seirbhise\/#breadcrumb","itemListElement":[{"@type":"ListItem","position":1,"name":"Home","item":"https:\/\/www.dppireland.ie\/ga\/"},{"@type":"ListItem","position":2,"name":"COVID-19: Oifig an DPP &#8211; nuashonr\u00fa seirbh\u00edse"}]},{"@type":"WebSite","@id":"https:\/\/www.dppireland.ie\/#website","url":"https:\/\/www.dppireland.ie\/","name":"Office of the Director of Public Prosecutions","description":"Providing a prosecution that is independent, fair and effective","potentialAction":[{"@type":"SearchAction","target":{"@type":"EntryPoint","urlTemplate":"https:\/\/www.dppireland.ie\/?s={search_term_string}"},"query-input":{"@type":"PropertyValueSpecification","valueRequired":true,"valueName":"search_term_string"}}],"inLanguage":"ga-IE"},{"@type":"Person","@id":"https:\/\/www.dppireland.ie\/#\/schema\/person\/7e5445e1dce09f1fba37dbbd2eda62c3","name":"Padraig","image":{"@type":"ImageObject","inLanguage":"ga-IE","@id":"https:\/\/secure.gravatar.com\/avatar\/95919b15397c5874edbfcd2956fd11ba92f0c1ea67df40f470e6f664c488e1f6?s=96&d=mm&r=g","url":"https:\/\/secure.gravatar.com\/avatar\/95919b15397c5874edbfcd2956fd11ba92f0c1ea67df40f470e6f664c488e1f6?s=96&d=mm&r=g","contentUrl":"https:\/\/secure.gravatar.com\/avatar\/95919b15397c5874edbfcd2956fd11ba92f0c1ea67df40f470e6f664c488e1f6?s=96&d=mm&r=g","caption":"Padraig"}}]}},"jetpack_featured_media_url":"","jetpack_sharing_enabled":true,"_links":{"self":[{"href":"https:\/\/www.dppireland.ie\/ga\/wp-json\/wp\/v2\/posts\/15021","targetHints":{"allow":["GET"]}}],"collection":[{"href":"https:\/\/www.dppireland.ie\/ga\/wp-json\/wp\/v2\/posts"}],"about":[{"href":"https:\/\/www.dppireland.ie\/ga\/wp-json\/wp\/v2\/types\/post"}],"author":[{"embeddable":true,"href":"https:\/\/www.dppireland.ie\/ga\/wp-json\/wp\/v2\/users\/10"}],"replies":[{"embeddable":true,"href":"https:\/\/www.dppireland.ie\/ga\/wp-json\/wp\/v2\/comments?post=15021"}],"version-history":[{"count":3,"href":"https:\/\/www.dppireland.ie\/ga\/wp-json\/wp\/v2\/posts\/15021\/revisions"}],"predecessor-version":[{"id":15283,"href":"https:\/\/www.dppireland.ie\/ga\/wp-json\/wp\/v2\/posts\/15021\/revisions\/15283"}],"wp:attachment":[{"href":"https:\/\/www.dppireland.ie\/ga\/wp-json\/wp\/v2\/media?parent=15021"}],"wp:term":[{"taxonomy":"category","embeddable":true,"href":"https:\/\/www.dppireland.ie\/ga\/wp-json\/wp\/v2\/categories?post=15021"},{"taxonomy":"post_tag","embeddable":true,"href":"https:\/\/www.dppireland.ie\/ga\/wp-json\/wp\/v2\/tags?post=15021"}],"curies":[{"name":"wp","href":"https:\/\/api.w.org\/{rel}","templated":true}]}}