{"id":15016,"date":"2020-10-30T22:49:47","date_gmt":"2020-10-30T22:49:47","guid":{"rendered":"https:\/\/www.dppireland.ie\/?p=15016"},"modified":"2022-09-08T12:09:30","modified_gmt":"2022-09-08T11:09:30","slug":"tuarascail-bhliantuil-2019-foilsithe-inniu","status":"publish","type":"post","link":"https:\/\/www.dppireland.ie\/ga\/tuarascail-bhliantuil-2019-foilsithe-inniu\/","title":{"rendered":"Tuarasc\u00e1il Bhliant\u00fail 2019 foilsithe inniu"},"content":{"rendered":"<div class=\"wpb-content-wrapper\"><p>[vc_row][vc_column][vc_column_text]Sheol an Sti\u00farth\u00f3ir Ionch\u00faiseamh Poibl\u00ed, an tUasal Claire Loftus, <a href=\"https:\/\/www.dppireland.ie\/app\/uploads\/2020\/10\/AR-2019-eng.pdf\">Tuarasc\u00e1il Bhliant\u00fail 2019<\/a> le haghaidh a hOifige, ina leagtar amach gn\u00edomha\u00edochta\u00ed na hOifige le linn na bliana sin.<\/p>\n<p>Ina Brollach i dTuarasc\u00e1il Bhliant\u00fail 2019, sonra\u00edonn an Sti\u00farth\u00f3ir:<\/p>\n<p style=\"padding-left: 40px;\"><em>\u201c\u2026 in 2019 fuair an Oifig taca\u00edocht \u00f3n Rialtas chun Aonad Cionta Gn\u00e9asacha a bhun\u00fa.&nbsp; Faoi mar at\u00e1 l\u00e9irithe i gCaibidil 3.2, nuair a bheidh s\u00e9 bunaithe, t\u00e1 s\u00e9 beartaithe go nd\u00e9anfar na cionta gn\u00e9asacha ar fad a ionch\u00faiseofar sa Phr\u00edomh-Ch\u00fairt Choiri\u00fail agus beagnach gach catag\u00f3ir de chionta gn\u00e9asacha i gC\u00fairt Chuarda Bhaile \u00c1tha Cliath a bhainisti\u00fa \u00f3 th\u00fas go deireadh laistigh den aonad \u00far sin.&nbsp; In ainneoin na nd\u00fashl\u00e1n breise ar \u00e1r seirbh\u00eds mar gheall ar phaind\u00e9im Covid-19, t\u00e1imid ag s\u00fail go mbeidh an ch\u00e9ad ch\u00e9im den ACG i bhfeidhm faoi dheireadh 2020.&nbsp; Is \u00e9 sin comhartha d\u00e1r dtiomantas dul ar aghaidh leis an tionscadal seo.&nbsp; Creidim go mbeidh s\u00e9 ina ch\u00e9im an-dearfach chun tosaigh maidir le d\u00e9ile\u00e1il le h\u00edospartaigh na coireachta gn\u00e9is.\u201d<\/em><\/p>\n<p style=\"padding-left: 40px;\"><em>\u201cT\u00e1 an g\u00e1 at\u00e1 le hionad tiomanta chun d\u00e9ile\u00e1il le cionta gn\u00e9asacha n\u00edos m\u00f3 n\u00e1 riamh i mbliana agus muid f\u00f3s ag feice\u00e1il m\u00e9ad\u00fa suntasach ar chomhaid cionta gn\u00e9asacha \u00e1 gcur isteach chuig an Oifig.&nbsp; In 2019, bh\u00ed m\u00e9ad\u00fa 12% ar l\u00edon na gcomhad den chine\u00e1l sin.\u201d<\/em><\/p>\n<p>I nd\u00e1il leis an m\u00e9ad\u00fa ar chomhaid a fuair an Oifig, sonra\u00edonn s\u00ed:<\/p>\n<p style=\"padding-left: 40px;\"><em>\u201cIn 2019 th\u00e1inig m\u00e9ad\u00fa os cionn 8% ar l\u00edon na gcomhad a fuarthas lenar iarradh cinneadh ar c\u00e9 acu c\u00e1s dl\u00ed a thabhairt n\u00f3 n\u00e1r cheart&#8230; T\u00e1 m\u00e9ad\u00fa n\u00edos suntasa\u00ed f\u00f3s ann sa bhliain reatha.&nbsp; T\u00e1 m\u00e9ad\u00fa 23% tagtha ar na comhaid maidir le treoracha ar ionch\u00faiseamh faoi l\u00e1thair i gcompar\u00e1id le 2019.\u201d <\/em><\/p>\n<p>Maidir le Brexit, d\u00fairt an Sti\u00farth\u00f3ir:<\/p>\n<p style=\"padding-left: 40px;\"><em>\u201cT\u00e1 d\u00fashl\u00e1n f\u00f3s \u00e1 chur ag Brexit os comhar obair idirn\u00e1isi\u00fanta na hOifige agus deireadh idirthr\u00e9imhse ag druidim linn i l\u00e1r neamhchinnteacht lean\u00fanach faoi c\u00e9 acu, nuair a thiocfaidh m\u00ed Ean\u00e1ir 2021, an mbeidh socruithe dl\u00edthi\u00fala \u00fara i bhfeidhm leis an R\u00edocht Aontaithe a chuirfear in ionad an n\u00f3s imeachta um Bar\u00e1ntas gabh\u00e1la Eorpach reatha.&nbsp; Agus na caibidl\u00ed polaiti\u00fala ag dul chun cinn maidir leis sin, leanann an fhoireann idirn\u00e1isi\u00fanta san Oifig ag idirchaidreamh leis an Roinn Dl\u00ed agus Cirt agus Comhionannais agus leis an nGarda S\u00edoch\u00e1na chun plean\u00e1il do cib\u00e9 rud a tharl\u00f3idh.\u201d<\/em><\/p>\n<p>Maidir le h\u00edospartaigh na coireachta, deir s\u00ed:<\/p>\n<p style=\"padding-left: 40px;\"><em>\u201cLeanaimid le hathbhreithni\u00fa a dh\u00e9anamh ar \u00e1r strucht\u00fair agus n\u00f3sanna imeachta lena chinnti\u00fa go gclo\u00edonn siad leis an Acht um Cheartas Coiri\u00fail (\u00cdospartaigh na Coireachta) 2017, agus go bhfuilimid \u00e1balta na caighde\u00e1in agus an ch\u00e1il\u00edocht seirbh\u00edse a theasta\u00edonn \u00f3 \u00edospartaigh na coireachta d\u00e1 bhfuil siad i dteideal a chur ar f\u00e1il d\u00f3ibh&#8230; Faoi mar a leagtar amach i gCaibidil 3.2 bh\u00ed l\u00edon na n-iarratas ar ch\u00faiseanna len\u00e1r gcinnt\u00ed gan c\u00e1s dl\u00ed a thabhairt, agus l\u00edon na n-iarratas ar athbhreithnithe ar na cinnt\u00ed sin ar leibh\u00e9il cos\u00fail le leibh\u00e9il 2017 agus 2018.&nbsp; T\u00e1 cionta gn\u00e9asacha f\u00f3s ar an gcatag\u00f3ir c\u00e1is is minice in \u00e1bhar iarratais ar ch\u00faiseanna agus\/n\u00f3 athbhreithni\u00fa.\u201d<\/em><\/p>\n<p style=\"padding-left: 40px;\"><em>\u201cLean an Oifig chomh maith lena rannph\u00e1irt\u00edocht le gr\u00fapa\u00ed ionada\u00edocha d\u2019\u00edospartaigh anuraidh, agus ghlac s\u00ed p\u00e1irt sa ghr\u00fapa a bhunaigh an tAire Dl\u00ed agus Cirt agus Comhionannais in 2018 chun scr\u00fad\u00fa a dh\u00e9anamh ar fhinn\u00e9ithe leochaileacha in imscr\u00fad\u00fa agus ionch\u00faiseamh cionta gn\u00e9asacha faoi chathaoirleacht Tom O\u2019Malley BL.\u201d<\/em><\/p>\n<p>T\u00e1 Tuarasc\u00e1il Bhliant\u00fail ioml\u00e1n 2019 d\u2019Oifig an Sti\u00farth\u00f3ra Ionch\u00faiseamh Poibl\u00ed ar f\u00e1il <a href=\"https:\/\/www.dppireland.ie\/ga\/publication-category\/annual-reports\">anseo ar an su\u00edomh gr\u00e9as\u00e1in seo<\/a>.&nbsp; Ba ch\u00f3ir fiosruithe ar bith a sheoladh le r\u00edomhphost chuig <a href=\"mailto:media.liaison@dppireland.ie\">media.liaison@dppireland.ie<\/a>.<\/p>\n<p><em>D\u00e9 hAoine, an 30 Deireadh F\u00f3mhair 2020<\/em>[\/vc_column_text][\/vc_column][\/vc_row]<\/p>\n<\/div>","protected":false},"excerpt":{"rendered":"<p>[vc_row][vc_column][vc_column_text]Sheol an Sti\u00farth\u00f3ir Ionch\u00faiseamh Poibl\u00ed, an tUasal Claire Loftus, Tuarasc\u00e1il Bhliant\u00fail 2019 le haghaidh a hOifige, ina leagtar amach gn\u00edomha\u00edochta\u00ed na hOifige le linn na bliana sin. Ina Brollach i dTuarasc\u00e1il Bhliant\u00fail 2019, sonra\u00edonn an Sti\u00farth\u00f3ir: \u201c\u2026 in 2019 fuair an Oifig taca\u00edocht \u00f3n Rialtas chun Aonad Cionta Gn\u00e9asacha a bhun\u00fa.&nbsp; Faoi mar at\u00e1 l\u00e9irithe &hellip; <a href=\"https:\/\/www.dppireland.ie\/ga\/tuarascail-bhliantuil-2019-foilsithe-inniu\/\">Continued<\/a><\/p>\n","protected":false},"author":10,"featured_media":0,"comment_status":"closed","ping_status":"closed","sticky":false,"template":"","format":"standard","meta":{"_acf_changed":false,"om_disable_all_campaigns":false,"_relevanssi_hide_post":"","_relevanssi_hide_content":"","_relevanssi_pin_for_all":"","_relevanssi_pin_keywords":"","_relevanssi_unpin_keywords":"","_relevanssi_related_keywords":"","_relevanssi_related_include_ids":"","_relevanssi_related_exclude_ids":"","_relevanssi_related_no_append":"","_relevanssi_related_not_related":"","_relevanssi_related_posts":"","_relevanssi_noindex_reason":"","_monsterinsights_skip_tracking":false,"_monsterinsights_sitenote_active":false,"_monsterinsights_sitenote_note":"","_monsterinsights_sitenote_category":0,"_uf_show_specific_survey":0,"_uf_disable_surveys":false,"_jetpack_memberships_contains_paid_content":false,"footnotes":""},"categories":[103],"tags":[],"class_list":["post-15016","post","type-post","status-publish","format-standard","hentry","category-press-releases-ga"],"acf":[],"yoast_head":"<!-- This site is optimized with the Yoast SEO plugin v27.4 - https:\/\/yoast.com\/product\/yoast-seo-wordpress\/ -->\n<title>Tuarasc\u00e1il Bhliant\u00fail 2019 foilsithe inniu - Office of the Director of Public Prosecutions<\/title>\n<meta name=\"description\" content=\"Office of the Director of Public Prosecutions Providing a prosecution that is independent, fair and effective\" \/>\n<meta name=\"robots\" content=\"index, follow, max-snippet:-1, max-image-preview:large, max-video-preview:-1\" \/>\n<link rel=\"canonical\" href=\"https:\/\/www.dppireland.ie\/ga\/tuarascail-bhliantuil-2019-foilsithe-inniu\/\" \/>\n<meta property=\"og:locale\" content=\"ga_IE\" \/>\n<meta property=\"og:type\" content=\"article\" \/>\n<meta property=\"og:title\" content=\"Tuarasc\u00e1il Bhliant\u00fail 2019 foilsithe inniu - Office of the Director of Public Prosecutions\" \/>\n<meta property=\"og:description\" content=\"Office of the Director of Public Prosecutions Providing a prosecution that is independent, fair and effective\" \/>\n<meta property=\"og:url\" content=\"https:\/\/www.dppireland.ie\/ga\/tuarascail-bhliantuil-2019-foilsithe-inniu\/\" \/>\n<meta property=\"og:site_name\" content=\"Office of the Director of Public Prosecutions\" \/>\n<meta property=\"article:published_time\" content=\"2020-10-30T22:49:47+00:00\" \/>\n<meta property=\"article:modified_time\" content=\"2022-09-08T11:09:30+00:00\" \/>\n<meta name=\"author\" content=\"Padraig\" \/>\n<meta name=\"twitter:card\" content=\"summary_large_image\" \/>\n<meta name=\"twitter:label1\" content=\"Written by\" \/>\n\t<meta name=\"twitter:data1\" content=\"Padraig\" \/>\n\t<meta name=\"twitter:label2\" content=\"Est. reading time\" \/>\n\t<meta name=\"twitter:data2\" content=\"3 minutes\" \/>\n<script type=\"application\/ld+json\" class=\"yoast-schema-graph\">{\"@context\":\"https:\\\/\\\/schema.org\",\"@graph\":[{\"@type\":\"Article\",\"@id\":\"https:\\\/\\\/www.dppireland.ie\\\/ga\\\/tuarascail-bhliantuil-2019-foilsithe-inniu\\\/#article\",\"isPartOf\":{\"@id\":\"https:\\\/\\\/www.dppireland.ie\\\/ga\\\/tuarascail-bhliantuil-2019-foilsithe-inniu\\\/\"},\"author\":{\"name\":\"Padraig\",\"@id\":\"https:\\\/\\\/www.dppireland.ie\\\/#\\\/schema\\\/person\\\/7e5445e1dce09f1fba37dbbd2eda62c3\"},\"headline\":\"Tuarasc\u00e1il Bhliant\u00fail 2019 foilsithe inniu\",\"datePublished\":\"2020-10-30T22:49:47+00:00\",\"dateModified\":\"2022-09-08T11:09:30+00:00\",\"mainEntityOfPage\":{\"@id\":\"https:\\\/\\\/www.dppireland.ie\\\/ga\\\/tuarascail-bhliantuil-2019-foilsithe-inniu\\\/\"},\"wordCount\":722,\"articleSection\":[\"Press Releases\"],\"inLanguage\":\"ga-IE\"},{\"@type\":\"WebPage\",\"@id\":\"https:\\\/\\\/www.dppireland.ie\\\/ga\\\/tuarascail-bhliantuil-2019-foilsithe-inniu\\\/\",\"url\":\"https:\\\/\\\/www.dppireland.ie\\\/ga\\\/tuarascail-bhliantuil-2019-foilsithe-inniu\\\/\",\"name\":\"Tuarasc\u00e1il Bhliant\u00fail 2019 foilsithe inniu - Office of the Director of Public Prosecutions\",\"isPartOf\":{\"@id\":\"https:\\\/\\\/www.dppireland.ie\\\/#website\"},\"datePublished\":\"2020-10-30T22:49:47+00:00\",\"dateModified\":\"2022-09-08T11:09:30+00:00\",\"author\":{\"@id\":\"https:\\\/\\\/www.dppireland.ie\\\/#\\\/schema\\\/person\\\/7e5445e1dce09f1fba37dbbd2eda62c3\"},\"description\":\"Office of the Director of Public Prosecutions Providing a prosecution that is independent, fair and effective\",\"breadcrumb\":{\"@id\":\"https:\\\/\\\/www.dppireland.ie\\\/ga\\\/tuarascail-bhliantuil-2019-foilsithe-inniu\\\/#breadcrumb\"},\"inLanguage\":\"ga-IE\",\"potentialAction\":[{\"@type\":\"ReadAction\",\"target\":[\"https:\\\/\\\/www.dppireland.ie\\\/ga\\\/tuarascail-bhliantuil-2019-foilsithe-inniu\\\/\"]}]},{\"@type\":\"BreadcrumbList\",\"@id\":\"https:\\\/\\\/www.dppireland.ie\\\/ga\\\/tuarascail-bhliantuil-2019-foilsithe-inniu\\\/#breadcrumb\",\"itemListElement\":[{\"@type\":\"ListItem\",\"position\":1,\"name\":\"Home\",\"item\":\"https:\\\/\\\/www.dppireland.ie\\\/ga\\\/\"},{\"@type\":\"ListItem\",\"position\":2,\"name\":\"Tuarasc\u00e1il Bhliant\u00fail 2019 foilsithe inniu\"}]},{\"@type\":\"WebSite\",\"@id\":\"https:\\\/\\\/www.dppireland.ie\\\/#website\",\"url\":\"https:\\\/\\\/www.dppireland.ie\\\/\",\"name\":\"Office of the Director of Public Prosecutions\",\"description\":\"Providing a prosecution that is independent, fair and effective\",\"potentialAction\":[{\"@type\":\"SearchAction\",\"target\":{\"@type\":\"EntryPoint\",\"urlTemplate\":\"https:\\\/\\\/www.dppireland.ie\\\/?s={search_term_string}\"},\"query-input\":{\"@type\":\"PropertyValueSpecification\",\"valueRequired\":true,\"valueName\":\"search_term_string\"}}],\"inLanguage\":\"ga-IE\"},{\"@type\":\"Person\",\"@id\":\"https:\\\/\\\/www.dppireland.ie\\\/#\\\/schema\\\/person\\\/7e5445e1dce09f1fba37dbbd2eda62c3\",\"name\":\"Padraig\",\"image\":{\"@type\":\"ImageObject\",\"inLanguage\":\"ga-IE\",\"@id\":\"https:\\\/\\\/secure.gravatar.com\\\/avatar\\\/95919b15397c5874edbfcd2956fd11ba92f0c1ea67df40f470e6f664c488e1f6?s=96&d=mm&r=g\",\"url\":\"https:\\\/\\\/secure.gravatar.com\\\/avatar\\\/95919b15397c5874edbfcd2956fd11ba92f0c1ea67df40f470e6f664c488e1f6?s=96&d=mm&r=g\",\"contentUrl\":\"https:\\\/\\\/secure.gravatar.com\\\/avatar\\\/95919b15397c5874edbfcd2956fd11ba92f0c1ea67df40f470e6f664c488e1f6?s=96&d=mm&r=g\",\"caption\":\"Padraig\"}}]}<\/script>\n<!-- \/ Yoast SEO plugin. -->","yoast_head_json":{"title":"Tuarasc\u00e1il Bhliant\u00fail 2019 foilsithe inniu - Office of the Director of Public Prosecutions","description":"Office of the Director of Public Prosecutions Providing a prosecution that is independent, fair and effective","robots":{"index":"index","follow":"follow","max-snippet":"max-snippet:-1","max-image-preview":"max-image-preview:large","max-video-preview":"max-video-preview:-1"},"canonical":"https:\/\/www.dppireland.ie\/ga\/tuarascail-bhliantuil-2019-foilsithe-inniu\/","og_locale":"ga_IE","og_type":"article","og_title":"Tuarasc\u00e1il Bhliant\u00fail 2019 foilsithe inniu - Office of the Director of Public Prosecutions","og_description":"Office of the Director of Public Prosecutions Providing a prosecution that is independent, fair and effective","og_url":"https:\/\/www.dppireland.ie\/ga\/tuarascail-bhliantuil-2019-foilsithe-inniu\/","og_site_name":"Office of the Director of Public Prosecutions","article_published_time":"2020-10-30T22:49:47+00:00","article_modified_time":"2022-09-08T11:09:30+00:00","author":"Padraig","twitter_card":"summary_large_image","twitter_misc":{"Written by":"Padraig","Est. reading time":"3 minutes"},"schema":{"@context":"https:\/\/schema.org","@graph":[{"@type":"Article","@id":"https:\/\/www.dppireland.ie\/ga\/tuarascail-bhliantuil-2019-foilsithe-inniu\/#article","isPartOf":{"@id":"https:\/\/www.dppireland.ie\/ga\/tuarascail-bhliantuil-2019-foilsithe-inniu\/"},"author":{"name":"Padraig","@id":"https:\/\/www.dppireland.ie\/#\/schema\/person\/7e5445e1dce09f1fba37dbbd2eda62c3"},"headline":"Tuarasc\u00e1il Bhliant\u00fail 2019 foilsithe inniu","datePublished":"2020-10-30T22:49:47+00:00","dateModified":"2022-09-08T11:09:30+00:00","mainEntityOfPage":{"@id":"https:\/\/www.dppireland.ie\/ga\/tuarascail-bhliantuil-2019-foilsithe-inniu\/"},"wordCount":722,"articleSection":["Press Releases"],"inLanguage":"ga-IE"},{"@type":"WebPage","@id":"https:\/\/www.dppireland.ie\/ga\/tuarascail-bhliantuil-2019-foilsithe-inniu\/","url":"https:\/\/www.dppireland.ie\/ga\/tuarascail-bhliantuil-2019-foilsithe-inniu\/","name":"Tuarasc\u00e1il Bhliant\u00fail 2019 foilsithe inniu - Office of the Director of Public Prosecutions","isPartOf":{"@id":"https:\/\/www.dppireland.ie\/#website"},"datePublished":"2020-10-30T22:49:47+00:00","dateModified":"2022-09-08T11:09:30+00:00","author":{"@id":"https:\/\/www.dppireland.ie\/#\/schema\/person\/7e5445e1dce09f1fba37dbbd2eda62c3"},"description":"Office of the Director of Public Prosecutions Providing a prosecution that is independent, fair and effective","breadcrumb":{"@id":"https:\/\/www.dppireland.ie\/ga\/tuarascail-bhliantuil-2019-foilsithe-inniu\/#breadcrumb"},"inLanguage":"ga-IE","potentialAction":[{"@type":"ReadAction","target":["https:\/\/www.dppireland.ie\/ga\/tuarascail-bhliantuil-2019-foilsithe-inniu\/"]}]},{"@type":"BreadcrumbList","@id":"https:\/\/www.dppireland.ie\/ga\/tuarascail-bhliantuil-2019-foilsithe-inniu\/#breadcrumb","itemListElement":[{"@type":"ListItem","position":1,"name":"Home","item":"https:\/\/www.dppireland.ie\/ga\/"},{"@type":"ListItem","position":2,"name":"Tuarasc\u00e1il Bhliant\u00fail 2019 foilsithe inniu"}]},{"@type":"WebSite","@id":"https:\/\/www.dppireland.ie\/#website","url":"https:\/\/www.dppireland.ie\/","name":"Office of the Director of Public Prosecutions","description":"Providing a prosecution that is independent, fair and effective","potentialAction":[{"@type":"SearchAction","target":{"@type":"EntryPoint","urlTemplate":"https:\/\/www.dppireland.ie\/?s={search_term_string}"},"query-input":{"@type":"PropertyValueSpecification","valueRequired":true,"valueName":"search_term_string"}}],"inLanguage":"ga-IE"},{"@type":"Person","@id":"https:\/\/www.dppireland.ie\/#\/schema\/person\/7e5445e1dce09f1fba37dbbd2eda62c3","name":"Padraig","image":{"@type":"ImageObject","inLanguage":"ga-IE","@id":"https:\/\/secure.gravatar.com\/avatar\/95919b15397c5874edbfcd2956fd11ba92f0c1ea67df40f470e6f664c488e1f6?s=96&d=mm&r=g","url":"https:\/\/secure.gravatar.com\/avatar\/95919b15397c5874edbfcd2956fd11ba92f0c1ea67df40f470e6f664c488e1f6?s=96&d=mm&r=g","contentUrl":"https:\/\/secure.gravatar.com\/avatar\/95919b15397c5874edbfcd2956fd11ba92f0c1ea67df40f470e6f664c488e1f6?s=96&d=mm&r=g","caption":"Padraig"}}]}},"jetpack_featured_media_url":"","jetpack_sharing_enabled":true,"_links":{"self":[{"href":"https:\/\/www.dppireland.ie\/ga\/wp-json\/wp\/v2\/posts\/15016","targetHints":{"allow":["GET"]}}],"collection":[{"href":"https:\/\/www.dppireland.ie\/ga\/wp-json\/wp\/v2\/posts"}],"about":[{"href":"https:\/\/www.dppireland.ie\/ga\/wp-json\/wp\/v2\/types\/post"}],"author":[{"embeddable":true,"href":"https:\/\/www.dppireland.ie\/ga\/wp-json\/wp\/v2\/users\/10"}],"replies":[{"embeddable":true,"href":"https:\/\/www.dppireland.ie\/ga\/wp-json\/wp\/v2\/comments?post=15016"}],"version-history":[{"count":3,"href":"https:\/\/www.dppireland.ie\/ga\/wp-json\/wp\/v2\/posts\/15016\/revisions"}],"predecessor-version":[{"id":16851,"href":"https:\/\/www.dppireland.ie\/ga\/wp-json\/wp\/v2\/posts\/15016\/revisions\/16851"}],"wp:attachment":[{"href":"https:\/\/www.dppireland.ie\/ga\/wp-json\/wp\/v2\/media?parent=15016"}],"wp:term":[{"taxonomy":"category","embeddable":true,"href":"https:\/\/www.dppireland.ie\/ga\/wp-json\/wp\/v2\/categories?post=15016"},{"taxonomy":"post_tag","embeddable":true,"href":"https:\/\/www.dppireland.ie\/ga\/wp-json\/wp\/v2\/tags?post=15016"}],"curies":[{"name":"wp","href":"https:\/\/api.w.org\/{rel}","templated":true}]}}