{"id":14998,"date":"2022-06-30T22:43:43","date_gmt":"2022-06-30T21:43:43","guid":{"rendered":"https:\/\/www.dppireland.ie\/?p=14998"},"modified":"2022-09-08T11:58:54","modified_gmt":"2022-09-08T10:58:54","slug":"seoladh-raiteas-straiteise-2022-2024","status":"publish","type":"post","link":"https:\/\/www.dppireland.ie\/ga\/seoladh-raiteas-straiteise-2022-2024\/","title":{"rendered":"Seoladh R\u00e1iteas Strait\u00e9ise 2022-2024"},"content":{"rendered":"<div class=\"wpb-content-wrapper\"><p>[vc_row][vc_column][vc_column_text]Sheol an Sti\u00farth\u00f3ir Ionch\u00faiseamh Poibl\u00ed, Catherine Pierse Uasal, <a href=\"https:\/\/www.dppireland.ie\/app\/uploads\/2022\/07\/Strategy-Statement-2022-2024-irl.pdf\"><strong>R\u00e1iteas Strait\u00e9ise 2022-2024<\/strong><\/a> na hOifige inniu.<\/p>\n<p>Ina R\u00e9amhfhocal don Strait\u00e9is, tugann an Sti\u00farth\u00f3ir faoi deara:<\/p>\n<blockquote>\n<p><em>N\u00edl aon amhras ach go dtagann an Strait\u00e9is seo ag am d\u00fashl\u00e1nach nuair a th\u00e1inig f\u00e1s gan fasach ar na h\u00e9ilimh ar sheirbh\u00eds ionch\u00faisimh na h\u00c9ireann, ag eascairt den chuid is m\u00f3 as m\u00e9ad\u00fa ar chomhaid ch\u00e1is agus as na riar\u00e1ist\u00ed de bharr paind\u00e9im Covid -19.&nbsp; Is am deise \u00e9 freisin, \u00e1fach, agus leagtar amach sa Strait\u00e9is seo \u00e1r n-uaillmhian t\u00f3g\u00e1il ar na bunchlocha l\u00e1idre at\u00e1 ag seirbh\u00eds ionch\u00faisimh na h\u00c9ireann cheana f\u00e9in\u2026\u201d.<\/em><\/p>\n<\/blockquote>\n<p>Leanann an Sti\u00farth\u00f3ir ar aghaidh ag tabhairt faoi deara:<\/p>\n<blockquote>\n<p><em>Cuireadh bonn eolais faoin Strait\u00e9is agus m\u00fanla\u00edodh \u00ed tr\u00ed phr\u00f3iseas rannph\u00e1irt\u00edochta leis an bhfoireann agus le r\u00e9imse p\u00e1irtithe leasmhara, agus cuireann s\u00ed creat soil\u00e9ir comhroinnte ar f\u00e1il a leagann amach na ceithre sprioc ardleibh\u00e9il at\u00e1 againn do na tr\u00ed bliana amach romhainn agus conas a bhainfear amach iad.&nbsp; T\u00e1 s\u00e9 seo bunaithe ar fh\u00eds de chuid Oifig an Sti\u00farth\u00f3ra Ionch\u00faiseamh Poibl\u00ed a bheith i gceannas ar sheirbh\u00eds ionch\u00faisimh iontaofa agus neamhsple\u00e1ch do mhuintir uile na h\u00c9ireann.\u201d \u2026 \u201cBeidh plean le haghaidh infheist\u00edocht shuntasach sa tseirbh\u00eds ionch\u00faisimh &#8211; lena n-\u00e1ir\u00edtear in\u00e1r gcumas digiteach agus TFC, chomh maith le hinfheist\u00edocht in\u00e1r ndaoine &#8211; r\u00edth\u00e1bhachtach chun cuid de na gn\u00edomhartha sa Strait\u00e9is seo a sheachadadh.\u201d<\/em><\/p>\n<\/blockquote>\n<p>Maidir le cro\u00edluachanna Oifig an Sti\u00farth\u00f3ra Ionch\u00faiseamh Poibl\u00ed, cuireann an Sti\u00farth\u00f3ir b\u00e9im ar an m\u00e9id sin:<\/p>\n<blockquote>\n<p><em>T\u00e1 c\u00f3ras ionch\u00faisimh at\u00e1 ag feidhmi\u00fa bun\u00fasach do riail an dl\u00ed i ndaonlathas ar bith.&nbsp; Baineann f\u00edor\u2013dhaoine le gach c\u00e1s a chuirtear faoi bhr\u00e1id \u00e1r nOifige \u2013 \u00edospartaigh, daoine at\u00e1 faoi amhras, finn\u00e9ithe &#8211; agus d&#8217;fh\u00e9adfa\u00ed iarmhairt\u00ed athraitheacha saoil a bheith ag \u00e1r gcinnt\u00ed d\u00f3ibh si\u00fad at\u00e1 i gceist.&nbsp; T\u00e1 feasacht an-l\u00e1idir ag foireann m&#8217;Oifige ar an bhfreagracht a thugann s\u00e9 seo, agus ar an t\u00e1bhacht a bhaineann lena chinnti\u00fa go gcomhl\u00edonfaimid \u00e1r bhfeidhmeanna go neamhsple\u00e1ch agus de r\u00e9ir na gcaighde\u00e1n is airde is f\u00e9idir.&nbsp; D\u00e1 bhr\u00ed sin, t\u00e1 t\u00e1bhacht ag baint leis an strait\u00e9is ar an m\u00e9id a dh\u00e9anaimid agus ar an gcaoi a nd\u00e9anaimid \u00e1r gcuid oibre.&nbsp; Treor\u00f3idh \u00e1r gcomhluachanna \u00e1r gcuid oibre agus tac\u00f3idh siad le seachadadh \u00e1r gcusp\u00f3ir\u00ed strait\u00e9iseacha agus \u00e1r dtosa\u00edochta\u00ed sna blianta amach romhainn.\u201d<\/em><\/p>\n<\/blockquote>\n<p>Ar deireadh, deir an Sti\u00farth\u00f3ir:<\/p>\n<blockquote>\n<p><em>Le linn tr\u00e9imhse na Strait\u00e9ise, oibreoimid go dl\u00fath len\u00e1r bhfoireann agus len\u00e1r bpr\u00edomhph\u00e1irtithe leasmhara chun \u00e1r dtosa\u00edochta\u00ed a athbhreithni\u00fa agus a bheacht\u00fa de r\u00e9ir mar is g\u00e1 chun freastal ar riachtanais an domhain at\u00e1 ag athr\u00fa go tapa timpeall orainn.&nbsp; Mar gheall ar \u00e1r n-eisp\u00e9iris le blianta beaga anuas &#8211; agus na ceachtanna luachmhara at\u00e1 foghlamtha againn uathu &#8211; t\u00e1 muin\u00edn agam as \u00e1r gcumas agus as \u00e1r l\u00fafaireacht freagairt do dh\u00fashl\u00e1in at\u00e1 ag teacht chun cinn agus gan choinne.\u201d<\/em><\/p>\n<\/blockquote>\n<p>T\u00e1 an R\u00e1iteas Strait\u00e9ise ioml\u00e1n 2022-2024 d\u2019Oifig an Sti\u00farth\u00f3ra Ionch\u00faiseamh Poibl\u00ed ar f\u00e1il anois le l\u00e9amh<a href=\"https:\/\/www.dppireland.ie\/ga\/publication-category\/strategy-statements\"> anseo ar an su\u00edomh Gr\u00e9as\u00e1in seo<\/a>.<\/p>\n<p>Ba cheart aon cheist a chur ar r\u00edomhphost chuig: <a href=\"mailto:media.liaison@dppireland.ie\">media.liaison@dppireland.ie<\/a>.[\/vc_column_text][\/vc_column][\/vc_row]<\/p>\n<\/div>","protected":false},"excerpt":{"rendered":"<p>[vc_row][vc_column][vc_column_text]Sheol an Sti\u00farth\u00f3ir Ionch\u00faiseamh Poibl\u00ed, Catherine Pierse Uasal, R\u00e1iteas Strait\u00e9ise 2022-2024 na hOifige inniu. Ina R\u00e9amhfhocal don Strait\u00e9is, tugann an Sti\u00farth\u00f3ir faoi deara: N\u00edl aon amhras ach go dtagann an Strait\u00e9is seo ag am d\u00fashl\u00e1nach nuair a th\u00e1inig f\u00e1s gan fasach ar na h\u00e9ilimh ar sheirbh\u00eds ionch\u00faisimh na h\u00c9ireann, ag eascairt den chuid is m\u00f3 &hellip; <a href=\"https:\/\/www.dppireland.ie\/ga\/seoladh-raiteas-straiteise-2022-2024\/\">Continued<\/a><\/p>\n","protected":false},"author":10,"featured_media":0,"comment_status":"closed","ping_status":"closed","sticky":false,"template":"","format":"standard","meta":{"_acf_changed":false,"om_disable_all_campaigns":false,"_relevanssi_hide_post":"","_relevanssi_hide_content":"","_relevanssi_pin_for_all":"","_relevanssi_pin_keywords":"","_relevanssi_unpin_keywords":"","_relevanssi_related_keywords":"","_relevanssi_related_include_ids":"","_relevanssi_related_exclude_ids":"","_relevanssi_related_no_append":"","_relevanssi_related_not_related":"","_relevanssi_related_posts":"","_relevanssi_noindex_reason":"","_monsterinsights_skip_tracking":false,"_monsterinsights_sitenote_active":false,"_monsterinsights_sitenote_note":"","_monsterinsights_sitenote_category":0,"_uf_show_specific_survey":0,"_uf_disable_surveys":false,"_jetpack_memberships_contains_paid_content":false,"footnotes":""},"categories":[103],"tags":[],"class_list":["post-14998","post","type-post","status-publish","format-standard","hentry","category-press-releases-ga"],"acf":[],"yoast_head":"<!-- This site is optimized with the Yoast SEO plugin v27.4 - https:\/\/yoast.com\/product\/yoast-seo-wordpress\/ -->\n<title>Seoladh R\u00e1iteas Strait\u00e9ise 2022-2024 - Office of the Director of Public Prosecutions<\/title>\n<meta name=\"description\" content=\"Office of the Director of Public Prosecutions Providing a prosecution that is independent, fair and effective\" \/>\n<meta name=\"robots\" content=\"index, follow, max-snippet:-1, max-image-preview:large, max-video-preview:-1\" \/>\n<link rel=\"canonical\" href=\"https:\/\/www.dppireland.ie\/ga\/seoladh-raiteas-straiteise-2022-2024\/\" \/>\n<meta property=\"og:locale\" content=\"ga_IE\" \/>\n<meta property=\"og:type\" content=\"article\" \/>\n<meta property=\"og:title\" content=\"Seoladh R\u00e1iteas Strait\u00e9ise 2022-2024 - Office of the Director of Public Prosecutions\" \/>\n<meta property=\"og:description\" content=\"Office of the Director of Public Prosecutions Providing a prosecution that is independent, fair and effective\" \/>\n<meta property=\"og:url\" content=\"https:\/\/www.dppireland.ie\/ga\/seoladh-raiteas-straiteise-2022-2024\/\" \/>\n<meta property=\"og:site_name\" content=\"Office of the Director of Public Prosecutions\" \/>\n<meta property=\"article:published_time\" content=\"2022-06-30T21:43:43+00:00\" \/>\n<meta property=\"article:modified_time\" content=\"2022-09-08T10:58:54+00:00\" \/>\n<meta name=\"author\" content=\"Padraig\" \/>\n<meta name=\"twitter:card\" content=\"summary_large_image\" \/>\n<meta name=\"twitter:label1\" content=\"Written by\" \/>\n\t<meta name=\"twitter:data1\" content=\"Padraig\" \/>\n\t<meta name=\"twitter:label2\" content=\"Est. reading time\" \/>\n\t<meta name=\"twitter:data2\" content=\"3 minutes\" \/>\n<script type=\"application\/ld+json\" class=\"yoast-schema-graph\">{\"@context\":\"https:\\\/\\\/schema.org\",\"@graph\":[{\"@type\":\"Article\",\"@id\":\"https:\\\/\\\/www.dppireland.ie\\\/ga\\\/seoladh-raiteas-straiteise-2022-2024\\\/#article\",\"isPartOf\":{\"@id\":\"https:\\\/\\\/www.dppireland.ie\\\/ga\\\/seoladh-raiteas-straiteise-2022-2024\\\/\"},\"author\":{\"name\":\"Padraig\",\"@id\":\"https:\\\/\\\/www.dppireland.ie\\\/#\\\/schema\\\/person\\\/7e5445e1dce09f1fba37dbbd2eda62c3\"},\"headline\":\"Seoladh R\u00e1iteas Strait\u00e9ise 2022-2024\",\"datePublished\":\"2022-06-30T21:43:43+00:00\",\"dateModified\":\"2022-09-08T10:58:54+00:00\",\"mainEntityOfPage\":{\"@id\":\"https:\\\/\\\/www.dppireland.ie\\\/ga\\\/seoladh-raiteas-straiteise-2022-2024\\\/\"},\"wordCount\":637,\"articleSection\":[\"Press Releases\"],\"inLanguage\":\"ga-IE\"},{\"@type\":\"WebPage\",\"@id\":\"https:\\\/\\\/www.dppireland.ie\\\/ga\\\/seoladh-raiteas-straiteise-2022-2024\\\/\",\"url\":\"https:\\\/\\\/www.dppireland.ie\\\/ga\\\/seoladh-raiteas-straiteise-2022-2024\\\/\",\"name\":\"Seoladh R\u00e1iteas Strait\u00e9ise 2022-2024 - Office of the Director of Public Prosecutions\",\"isPartOf\":{\"@id\":\"https:\\\/\\\/www.dppireland.ie\\\/#website\"},\"datePublished\":\"2022-06-30T21:43:43+00:00\",\"dateModified\":\"2022-09-08T10:58:54+00:00\",\"author\":{\"@id\":\"https:\\\/\\\/www.dppireland.ie\\\/#\\\/schema\\\/person\\\/7e5445e1dce09f1fba37dbbd2eda62c3\"},\"description\":\"Office of the Director of Public Prosecutions Providing a prosecution that is independent, fair and effective\",\"breadcrumb\":{\"@id\":\"https:\\\/\\\/www.dppireland.ie\\\/ga\\\/seoladh-raiteas-straiteise-2022-2024\\\/#breadcrumb\"},\"inLanguage\":\"ga-IE\",\"potentialAction\":[{\"@type\":\"ReadAction\",\"target\":[\"https:\\\/\\\/www.dppireland.ie\\\/ga\\\/seoladh-raiteas-straiteise-2022-2024\\\/\"]}]},{\"@type\":\"BreadcrumbList\",\"@id\":\"https:\\\/\\\/www.dppireland.ie\\\/ga\\\/seoladh-raiteas-straiteise-2022-2024\\\/#breadcrumb\",\"itemListElement\":[{\"@type\":\"ListItem\",\"position\":1,\"name\":\"Home\",\"item\":\"https:\\\/\\\/www.dppireland.ie\\\/ga\\\/\"},{\"@type\":\"ListItem\",\"position\":2,\"name\":\"Seoladh R\u00e1iteas Strait\u00e9ise 2022-2024\"}]},{\"@type\":\"WebSite\",\"@id\":\"https:\\\/\\\/www.dppireland.ie\\\/#website\",\"url\":\"https:\\\/\\\/www.dppireland.ie\\\/\",\"name\":\"Office of the Director of Public Prosecutions\",\"description\":\"Providing a prosecution that is independent, fair and effective\",\"potentialAction\":[{\"@type\":\"SearchAction\",\"target\":{\"@type\":\"EntryPoint\",\"urlTemplate\":\"https:\\\/\\\/www.dppireland.ie\\\/?s={search_term_string}\"},\"query-input\":{\"@type\":\"PropertyValueSpecification\",\"valueRequired\":true,\"valueName\":\"search_term_string\"}}],\"inLanguage\":\"ga-IE\"},{\"@type\":\"Person\",\"@id\":\"https:\\\/\\\/www.dppireland.ie\\\/#\\\/schema\\\/person\\\/7e5445e1dce09f1fba37dbbd2eda62c3\",\"name\":\"Padraig\",\"image\":{\"@type\":\"ImageObject\",\"inLanguage\":\"ga-IE\",\"@id\":\"https:\\\/\\\/secure.gravatar.com\\\/avatar\\\/95919b15397c5874edbfcd2956fd11ba92f0c1ea67df40f470e6f664c488e1f6?s=96&d=mm&r=g\",\"url\":\"https:\\\/\\\/secure.gravatar.com\\\/avatar\\\/95919b15397c5874edbfcd2956fd11ba92f0c1ea67df40f470e6f664c488e1f6?s=96&d=mm&r=g\",\"contentUrl\":\"https:\\\/\\\/secure.gravatar.com\\\/avatar\\\/95919b15397c5874edbfcd2956fd11ba92f0c1ea67df40f470e6f664c488e1f6?s=96&d=mm&r=g\",\"caption\":\"Padraig\"}}]}<\/script>\n<!-- \/ Yoast SEO plugin. -->","yoast_head_json":{"title":"Seoladh R\u00e1iteas Strait\u00e9ise 2022-2024 - Office of the Director of Public Prosecutions","description":"Office of the Director of Public Prosecutions Providing a prosecution that is independent, fair and effective","robots":{"index":"index","follow":"follow","max-snippet":"max-snippet:-1","max-image-preview":"max-image-preview:large","max-video-preview":"max-video-preview:-1"},"canonical":"https:\/\/www.dppireland.ie\/ga\/seoladh-raiteas-straiteise-2022-2024\/","og_locale":"ga_IE","og_type":"article","og_title":"Seoladh R\u00e1iteas Strait\u00e9ise 2022-2024 - Office of the Director of Public Prosecutions","og_description":"Office of the Director of Public Prosecutions Providing a prosecution that is independent, fair and effective","og_url":"https:\/\/www.dppireland.ie\/ga\/seoladh-raiteas-straiteise-2022-2024\/","og_site_name":"Office of the Director of Public Prosecutions","article_published_time":"2022-06-30T21:43:43+00:00","article_modified_time":"2022-09-08T10:58:54+00:00","author":"Padraig","twitter_card":"summary_large_image","twitter_misc":{"Written by":"Padraig","Est. reading time":"3 minutes"},"schema":{"@context":"https:\/\/schema.org","@graph":[{"@type":"Article","@id":"https:\/\/www.dppireland.ie\/ga\/seoladh-raiteas-straiteise-2022-2024\/#article","isPartOf":{"@id":"https:\/\/www.dppireland.ie\/ga\/seoladh-raiteas-straiteise-2022-2024\/"},"author":{"name":"Padraig","@id":"https:\/\/www.dppireland.ie\/#\/schema\/person\/7e5445e1dce09f1fba37dbbd2eda62c3"},"headline":"Seoladh R\u00e1iteas Strait\u00e9ise 2022-2024","datePublished":"2022-06-30T21:43:43+00:00","dateModified":"2022-09-08T10:58:54+00:00","mainEntityOfPage":{"@id":"https:\/\/www.dppireland.ie\/ga\/seoladh-raiteas-straiteise-2022-2024\/"},"wordCount":637,"articleSection":["Press Releases"],"inLanguage":"ga-IE"},{"@type":"WebPage","@id":"https:\/\/www.dppireland.ie\/ga\/seoladh-raiteas-straiteise-2022-2024\/","url":"https:\/\/www.dppireland.ie\/ga\/seoladh-raiteas-straiteise-2022-2024\/","name":"Seoladh R\u00e1iteas Strait\u00e9ise 2022-2024 - Office of the Director of Public Prosecutions","isPartOf":{"@id":"https:\/\/www.dppireland.ie\/#website"},"datePublished":"2022-06-30T21:43:43+00:00","dateModified":"2022-09-08T10:58:54+00:00","author":{"@id":"https:\/\/www.dppireland.ie\/#\/schema\/person\/7e5445e1dce09f1fba37dbbd2eda62c3"},"description":"Office of the Director of Public Prosecutions Providing a prosecution that is independent, fair and effective","breadcrumb":{"@id":"https:\/\/www.dppireland.ie\/ga\/seoladh-raiteas-straiteise-2022-2024\/#breadcrumb"},"inLanguage":"ga-IE","potentialAction":[{"@type":"ReadAction","target":["https:\/\/www.dppireland.ie\/ga\/seoladh-raiteas-straiteise-2022-2024\/"]}]},{"@type":"BreadcrumbList","@id":"https:\/\/www.dppireland.ie\/ga\/seoladh-raiteas-straiteise-2022-2024\/#breadcrumb","itemListElement":[{"@type":"ListItem","position":1,"name":"Home","item":"https:\/\/www.dppireland.ie\/ga\/"},{"@type":"ListItem","position":2,"name":"Seoladh R\u00e1iteas Strait\u00e9ise 2022-2024"}]},{"@type":"WebSite","@id":"https:\/\/www.dppireland.ie\/#website","url":"https:\/\/www.dppireland.ie\/","name":"Office of the Director of Public Prosecutions","description":"Providing a prosecution that is independent, fair and effective","potentialAction":[{"@type":"SearchAction","target":{"@type":"EntryPoint","urlTemplate":"https:\/\/www.dppireland.ie\/?s={search_term_string}"},"query-input":{"@type":"PropertyValueSpecification","valueRequired":true,"valueName":"search_term_string"}}],"inLanguage":"ga-IE"},{"@type":"Person","@id":"https:\/\/www.dppireland.ie\/#\/schema\/person\/7e5445e1dce09f1fba37dbbd2eda62c3","name":"Padraig","image":{"@type":"ImageObject","inLanguage":"ga-IE","@id":"https:\/\/secure.gravatar.com\/avatar\/95919b15397c5874edbfcd2956fd11ba92f0c1ea67df40f470e6f664c488e1f6?s=96&d=mm&r=g","url":"https:\/\/secure.gravatar.com\/avatar\/95919b15397c5874edbfcd2956fd11ba92f0c1ea67df40f470e6f664c488e1f6?s=96&d=mm&r=g","contentUrl":"https:\/\/secure.gravatar.com\/avatar\/95919b15397c5874edbfcd2956fd11ba92f0c1ea67df40f470e6f664c488e1f6?s=96&d=mm&r=g","caption":"Padraig"}}]}},"jetpack_featured_media_url":"","jetpack_sharing_enabled":true,"_links":{"self":[{"href":"https:\/\/www.dppireland.ie\/ga\/wp-json\/wp\/v2\/posts\/14998","targetHints":{"allow":["GET"]}}],"collection":[{"href":"https:\/\/www.dppireland.ie\/ga\/wp-json\/wp\/v2\/posts"}],"about":[{"href":"https:\/\/www.dppireland.ie\/ga\/wp-json\/wp\/v2\/types\/post"}],"author":[{"embeddable":true,"href":"https:\/\/www.dppireland.ie\/ga\/wp-json\/wp\/v2\/users\/10"}],"replies":[{"embeddable":true,"href":"https:\/\/www.dppireland.ie\/ga\/wp-json\/wp\/v2\/comments?post=14998"}],"version-history":[{"count":6,"href":"https:\/\/www.dppireland.ie\/ga\/wp-json\/wp\/v2\/posts\/14998\/revisions"}],"predecessor-version":[{"id":15802,"href":"https:\/\/www.dppireland.ie\/ga\/wp-json\/wp\/v2\/posts\/14998\/revisions\/15802"}],"wp:attachment":[{"href":"https:\/\/www.dppireland.ie\/ga\/wp-json\/wp\/v2\/media?parent=14998"}],"wp:term":[{"taxonomy":"category","embeddable":true,"href":"https:\/\/www.dppireland.ie\/ga\/wp-json\/wp\/v2\/categories?post=14998"},{"taxonomy":"post_tag","embeddable":true,"href":"https:\/\/www.dppireland.ie\/ga\/wp-json\/wp\/v2\/tags?post=14998"}],"curies":[{"name":"wp","href":"https:\/\/api.w.org\/{rel}","templated":true}]}}